{"id":741,"date":"2024-06-04T10:23:51","date_gmt":"2024-06-04T10:23:51","guid":{"rendered":"https:\/\/highschool-ul.me\/mne\/?p=741"},"modified":"2024-06-04T10:29:57","modified_gmt":"2024-06-04T10:29:57","slug":"sanjajte-veliko-ostvarite-vise","status":"publish","type":"post","link":"https:\/\/highschool-ul.me\/mne\/sanjajte-veliko-ostvarite-vise\/","title":{"rendered":"&#8220;Sanjajte veliko, ostvarite vi\u0161e&#8221;-  Podela diploma iz nema\u010dkog jezika"},"content":{"rendered":"\n<pre id=\"tw-target-rmn\" class=\"wp-block-preformatted\"><\/pre>\n\n\n\n<p>Dana 08.05. u na\u0161oj \u0161koli, kao i svake godine zaredom, najistaknutijim u\u010denicima iz njema\u010dkog jezika pru\u017ea se mogu\u0107nost polaganja ispita za diplomu Deutsches Sprach Diplom DSD II. To je diploma koja na\u0161im u\u010denicima pru\u017ea brojne mogu\u0107nosti, kao \u0161to je nastavak \u0161kolovanja u Njema\u010dkoj. Ovoj ceremoniji dodjeljivanja nagrada poslje uspje\u0161nog polo\u017eenog ispita prisustvovali su njema\u010dki konzul Paul Sander, nastavnik nema\u010dkog jezika Tomas Kumer, direktorka Ardita Kova\u010di, kao i <a><\/a>u\u010denici: Amina Dervi\u0161i, Fisnik Murati, Almir Red\u017ea, Anesa Veli\u0107, Miranda Pera\u0161evi\u0107 i Paola Jankovi\u0107.<\/p>\n\n\n\n<p>Sve\u010danost je otvorila direktorica Kova\u010devi\u0107, koja se zahvalila konzulu na dugogodi\u0161njoj saradnji sa na\u0161om \u0161kolom. Ovaj vid saradnje stvara talente iz nema\u010dkog jezika, koji vremenom postaju i talenti u razli\u010ditim oblastima.<\/p>\n\n\n\n<p>Konzul Pol Sander je zajedno sa u\u010denicima razgovarao o njihovim planovima u budu\u0107nosti, i pri\u010dao im je o brojnim mogu\u0107nostima koje \u0107e imati tokom studija u Nema\u010dkoj.<\/p>\n","protected":false},"excerpt":{"rendered":"<p>Dana 08.05. u na\u0161oj \u0161koli, kao i svake godine zaredom, najistaknutijim u\u010denicima iz njema\u010dkog jezika pru\u017ea se mogu\u0107nost polaganja ispita za diplomu Deutsches Sprach Diplom DSD II. To je diploma koja na\u0161im u\u010denicima pru\u017ea brojne mogu\u0107nosti, kao \u0161to je nastavak \u0161kolovanja u Njema\u010dkoj. Ovoj ceremoniji dodjeljivanja nagrada poslje uspje\u0161nog polo\u017eenog ispita prisustvovali su njema\u010dki konzul [&hellip;]<\/p>\n","protected":false},"author":3,"featured_media":746,"comment_status":"open","ping_status":"open","sticky":false,"template":"","format":"standard","meta":{"pagelayer_contact_templates":[],"_pagelayer_content":"","footnotes":""},"categories":[1],"tags":[],"class_list":["post-741","post","type-post","status-publish","format-standard","has-post-thumbnail","hentry","category-uncategorized"],"_links":{"self":[{"href":"https:\/\/highschool-ul.me\/mne\/wp-json\/wp\/v2\/posts\/741","targetHints":{"allow":["GET"]}}],"collection":[{"href":"https:\/\/highschool-ul.me\/mne\/wp-json\/wp\/v2\/posts"}],"about":[{"href":"https:\/\/highschool-ul.me\/mne\/wp-json\/wp\/v2\/types\/post"}],"author":[{"embeddable":true,"href":"https:\/\/highschool-ul.me\/mne\/wp-json\/wp\/v2\/users\/3"}],"replies":[{"embeddable":true,"href":"https:\/\/highschool-ul.me\/mne\/wp-json\/wp\/v2\/comments?post=741"}],"version-history":[{"count":5,"href":"https:\/\/highschool-ul.me\/mne\/wp-json\/wp\/v2\/posts\/741\/revisions"}],"predecessor-version":[{"id":752,"href":"https:\/\/highschool-ul.me\/mne\/wp-json\/wp\/v2\/posts\/741\/revisions\/752"}],"wp:featuredmedia":[{"embeddable":true,"href":"https:\/\/highschool-ul.me\/mne\/wp-json\/wp\/v2\/media\/746"}],"wp:attachment":[{"href":"https:\/\/highschool-ul.me\/mne\/wp-json\/wp\/v2\/media?parent=741"}],"wp:term":[{"taxonomy":"category","embeddable":true,"href":"https:\/\/highschool-ul.me\/mne\/wp-json\/wp\/v2\/categories?post=741"},{"taxonomy":"post_tag","embeddable":true,"href":"https:\/\/highschool-ul.me\/mne\/wp-json\/wp\/v2\/tags?post=741"}],"curies":[{"name":"wp","href":"https:\/\/api.w.org\/{rel}","templated":true}]}}