{"id":694,"date":"2024-04-23T10:20:28","date_gmt":"2024-04-23T10:20:28","guid":{"rendered":"https:\/\/highschool-ul.me\/mne\/?p=694"},"modified":"2024-04-23T10:20:28","modified_gmt":"2024-04-23T10:20:28","slug":"za-sigurnu-skolu-za-skolu-bez-nasilja","status":"publish","type":"post","link":"https:\/\/highschool-ul.me\/mne\/za-sigurnu-skolu-za-skolu-bez-nasilja\/","title":{"rendered":"Za sigurnu \u0161kolu! Za \u0161kolu bez nasilja!"},"content":{"rendered":"\n<p>Ogledni \u010das Aktiva psihologije -sociologije.<\/p>\n\n\n\n<p>Dana 08.04. 2024. godine odr\u017eana je aktivnost u okviru PRN\u0160 i \u0161kolskih projekata koji imaju za cilj da pove\u0107aju svjest na\u0161ih u\u010denika o negativnim dru\u0161tvenim pojavama uop\u0161te i istovremeno imaju za cilj prevenciju i za\u0161titu djece od nasilja.<\/p>\n\n\n\n<p>Ovog puta glavna tema ove radionice bila je nasilje me\u0111u vr\u0161njacima kao aktuelni izazov vremena. Kroz interaktivne diskusije i razli\u010dite aktivnosti, profesorka psihologije Suela Kaca je u\u010denicima skrenula pa\u017enju na fenomen nasilja me\u0111u vr\u0161njacima iz psiholo\u0161ke perspektive, negativne efekte ove pojave na mlade, a posebno je govorila o prisustvu i \u0161irenju ove pojave u na\u0161oj \u0161koli.<\/p>\n\n\n\n<p>U\u010denice Sara Iljazi i Blerona Kshurreta, pod mentorstvom profesorke sociologije Jetmire Nikezi\u0107, govorile su o fenomenu nasilja me\u0111u vr\u0161njacima iz sociolo\u0161ke perspektive.<\/p>\n\n\n\n<p>Svrha ovog oglednog \u010dasa bile su novine u pristupu ovoj temi i ja\u010danje socio-emocionalnih vje\u0161tina u\u010denika za rje\u0161avanje konflikata bez nasilja, kao i podizanje svijesti za \u0161to skorije prijavljivanje slu\u010dajeva nasilja u cilju podr\u0161ke psihi\u010dkom zdravlju i blagostanju kao i pru\u017eanju bezbjednog i zdravog okru\u017eenja za svakog u\u010denika.<\/p>\n\n\n\n<p><a href=\"https:\/\/www.facebook.com\/photo\/?fbid=919206410006629&amp;set=pcb.919207186673218&amp;__cft__[0]=AZXnMmWGBqqZ8tnvVWIoRspZ-iq4obPOVsISEuCHSiXCChtPRMLgY8ZZMkrG0H3pcTJzP9fLpaSvkptkvS6-EP4k5NrQ0qHP_UbO_7ijwMCPo69Eo0Ijj9qEsFd-sSyWv6SpOJlJjavwWpee4qUKR3jFFMO9FQzpZOGeaB6ckh2oWewAxg9HdkgSQWdz-T-CpJM7rBe8e0cBUNodcWycRAjT&amp;__tn__=*bH-R\"><\/a><\/p>\n\n\n\n<p><a href=\"https:\/\/www.facebook.com\/photo\/?fbid=919206540006616&amp;set=pcb.919207186673218&amp;__cft__[0]=AZXnMmWGBqqZ8tnvVWIoRspZ-iq4obPOVsISEuCHSiXCChtPRMLgY8ZZMkrG0H3pcTJzP9fLpaSvkptkvS6-EP4k5NrQ0qHP_UbO_7ijwMCPo69Eo0Ijj9qEsFd-sSyWv6SpOJlJjavwWpee4qUKR3jFFMO9FQzpZOGeaB6ckh2oWewAxg9HdkgSQWdz-T-CpJM7rBe8e0cBUNodcWycRAjT&amp;__tn__=*bH-R\"><\/a><\/p>\n\n\n\n<p><a href=\"https:\/\/www.facebook.com\/photo\/?fbid=919206796673257&amp;set=pcb.919207186673218&amp;__cft__[0]=AZXnMmWGBqqZ8tnvVWIoRspZ-iq4obPOVsISEuCHSiXCChtPRMLgY8ZZMkrG0H3pcTJzP9fLpaSvkptkvS6-EP4k5NrQ0qHP_UbO_7ijwMCPo69Eo0Ijj9qEsFd-sSyWv6SpOJlJjavwWpee4qUKR3jFFMO9FQzpZOGeaB6ckh2oWewAxg9HdkgSQWdz-T-CpJM7rBe8e0cBUNodcWycRAjT&amp;__tn__=*bH-R\"><\/a><\/p>\n\n\n\n<p><a href=\"https:\/\/www.facebook.com\/photo\/?fbid=919206956673241&amp;set=pcb.919207186673218&amp;__cft__[0]=AZXnMmWGBqqZ8tnvVWIoRspZ-iq4obPOVsISEuCHSiXCChtPRMLgY8ZZMkrG0H3pcTJzP9fLpaSvkptkvS6-EP4k5NrQ0qHP_UbO_7ijwMCPo69Eo0Ijj9qEsFd-sSyWv6SpOJlJjavwWpee4qUKR3jFFMO9FQzpZOGeaB6ckh2oWewAxg9HdkgSQWdz-T-CpJM7rBe8e0cBUNodcWycRAjT&amp;__tn__=*bH-R\"><\/a><\/p>\n\n\n\n<p><a href=\"https:\/\/www.facebook.com\/photo\/?fbid=919206956673241&amp;set=pcb.919207186673218&amp;__cft__[0]=AZXnMmWGBqqZ8tnvVWIoRspZ-iq4obPOVsISEuCHSiXCChtPRMLgY8ZZMkrG0H3pcTJzP9fLpaSvkptkvS6-EP4k5NrQ0qHP_UbO_7ijwMCPo69Eo0Ijj9qEsFd-sSyWv6SpOJlJjavwWpee4qUKR3jFFMO9FQzpZOGeaB6ckh2oWewAxg9HdkgSQWdz-T-CpJM7rBe8e0cBUNodcWycRAjT&amp;__tn__=*bH-R\">+3<\/a><\/p>\n\n\n","protected":false},"excerpt":{"rendered":"<p>Ogledni \u010das Aktiva psihologije -sociologije. Dana 08.04. 2024. godine odr\u017eana je aktivnost u okviru PRN\u0160 i \u0161kolskih projekata koji imaju za cilj da pove\u0107aju svjest na\u0161ih u\u010denika o negativnim dru\u0161tvenim pojavama uop\u0161te i istovremeno imaju za cilj prevenciju i za\u0161titu djece od nasilja. Ovog puta glavna tema ove radionice bila je nasilje me\u0111u vr\u0161njacima kao [&hellip;]<\/p>\n","protected":false},"author":3,"featured_media":717,"comment_status":"open","ping_status":"open","sticky":false,"template":"","format":"standard","meta":{"pagelayer_contact_templates":[],"_pagelayer_content":"","footnotes":""},"categories":[10],"tags":[],"class_list":["post-694","post","type-post","status-publish","format-standard","has-post-thumbnail","hentry","category-razne-aktivnosti"],"_links":{"self":[{"href":"https:\/\/highschool-ul.me\/mne\/wp-json\/wp\/v2\/posts\/694","targetHints":{"allow":["GET"]}}],"collection":[{"href":"https:\/\/highschool-ul.me\/mne\/wp-json\/wp\/v2\/posts"}],"about":[{"href":"https:\/\/highschool-ul.me\/mne\/wp-json\/wp\/v2\/types\/post"}],"author":[{"embeddable":true,"href":"https:\/\/highschool-ul.me\/mne\/wp-json\/wp\/v2\/users\/3"}],"replies":[{"embeddable":true,"href":"https:\/\/highschool-ul.me\/mne\/wp-json\/wp\/v2\/comments?post=694"}],"version-history":[{"count":1,"href":"https:\/\/highschool-ul.me\/mne\/wp-json\/wp\/v2\/posts\/694\/revisions"}],"predecessor-version":[{"id":718,"href":"https:\/\/highschool-ul.me\/mne\/wp-json\/wp\/v2\/posts\/694\/revisions\/718"}],"wp:featuredmedia":[{"embeddable":true,"href":"https:\/\/highschool-ul.me\/mne\/wp-json\/wp\/v2\/media\/717"}],"wp:attachment":[{"href":"https:\/\/highschool-ul.me\/mne\/wp-json\/wp\/v2\/media?parent=694"}],"wp:term":[{"taxonomy":"category","embeddable":true,"href":"https:\/\/highschool-ul.me\/mne\/wp-json\/wp\/v2\/categories?post=694"},{"taxonomy":"post_tag","embeddable":true,"href":"https:\/\/highschool-ul.me\/mne\/wp-json\/wp\/v2\/tags?post=694"}],"curies":[{"name":"wp","href":"https:\/\/api.w.org\/{rel}","templated":true}]}}