{"id":648,"date":"2024-03-26T11:20:10","date_gmt":"2024-03-26T11:20:10","guid":{"rendered":"https:\/\/highschool-ul.me\/mne\/?p=648"},"modified":"2024-03-26T11:25:38","modified_gmt":"2024-03-26T11:25:38","slug":"realizacija-zeleni-kutak","status":"publish","type":"post","link":"https:\/\/highschool-ul.me\/mne\/realizacija-zeleni-kutak\/","title":{"rendered":"Realizacija Zeleni Kutak"},"content":{"rendered":"\n<p><a href=\"https:\/\/www.facebook.com\/photo\/?fbid=905519514708652&amp;set=pcb.905519771375293&amp;__cft__[0]=AZWNm4mFFDyBrZbKqacuAKo0c9telz6AH4ayUcN0zv4_VZbjuBVLAln9WMsmJ8uHbcyrWVlLBw1kkYK6drQXdSynb6CI_ucHNlnJFzg0SavrEXN-ERbCBoUsIrc_1S7IJOivVOUXDpMoQgJr159Azwz0Vjz0EWpfU1wS0hU20i3pmwkXVi_sC-6JYIKck1cekfwBT1S-t9CWikpU-a9Gi_wT&amp;__tn__=*bH-R\"><\/a><\/p>\n\n\n\n<p class=\"has-large-font-size\">Dan na\u0161e \u0161kole po\u010deo 21. marta ujutro, finalizacijom projekta \u201eZeleni kutak\u201c. Projekat je podr\u017eala Op\u0161tina Ulcinj.<\/p>\n\n\n\n<figure class=\"wp-block-image is-resized\"><a href=\"https:\/\/www.facebook.com\/photo\/?fbid=905519514708652&amp;set=pcb.905519771375293&amp;__cft__[0]=AZWNm4mFFDyBrZbKqacuAKo0c9telz6AH4ayUcN0zv4_VZbjuBVLAln9WMsmJ8uHbcyrWVlLBw1kkYK6drQXdSynb6CI_ucHNlnJFzg0SavrEXN-ERbCBoUsIrc_1S7IJOivVOUXDpMoQgJr159Azwz0Vjz0EWpfU1wS0hU20i3pmwkXVi_sC-6JYIKck1cekfwBT1S-t9CWikpU-a9Gi_wT&amp;__tn__=*bH-R\"><img decoding=\"async\" src=\"https:\/\/scontent.ftgd2-1.fna.fbcdn.net\/v\/t39.30808-6\/433878915_905519781375292_9061670541007348692_n.jpg?stp=dst-jpg_s600x600&amp;_nc_cat=105&amp;ccb=1-7&amp;_nc_sid=5f2048&amp;_nc_ohc=op8kWlQVa1sAX-BVmyS&amp;_nc_ht=scontent.ftgd2-1.fna&amp;oh=00_AfA6YP_oAq8zkEeTe6G4CXfut39ucKkONNsesvsx_Ur-yQ&amp;oe=6608558E\" alt=\"\" style=\"object-fit:cover;width:800px;height:600px\"\/><\/a><\/figure>\n\n\n\n<p class=\"has-large-font-size\">Ovom prilikom gradona\u010delnik op\u0161tine, Omer Bajraktari, sa svojim kolegama je posjetio \u0161kolu i otvorio novi kutak na\u0161e \u0161kole.<\/p>\n\n\n\n<p><a href=\"https:\/\/www.facebook.com\/photo\/?fbid=905519558041981&amp;set=pcb.905519771375293&amp;__cft__[0]=AZWNm4mFFDyBrZbKqacuAKo0c9telz6AH4ayUcN0zv4_VZbjuBVLAln9WMsmJ8uHbcyrWVlLBw1kkYK6drQXdSynb6CI_ucHNlnJFzg0SavrEXN-ERbCBoUsIrc_1S7IJOivVOUXDpMoQgJr159Azwz0Vjz0EWpfU1wS0hU20i3pmwkXVi_sC-6JYIKck1cekfwBT1S-t9CWikpU-a9Gi_wT&amp;__tn__=*bH-R\"><\/a><\/p>\n\n\n\n<figure class=\"wp-block-image size-large is-resized\"><img loading=\"lazy\" decoding=\"async\" width=\"1024\" height=\"768\" src=\"https:\/\/highschool-ul.me\/mne\/wp-content\/uploads\/2024\/03\/434422451_905520004708603_1645061946329895001_n-1024x768.jpg\" alt=\"\" class=\"wp-image-652\" style=\"object-fit:cover;width:800px;height:600px\" srcset=\"https:\/\/highschool-ul.me\/mne\/wp-content\/uploads\/2024\/03\/434422451_905520004708603_1645061946329895001_n-1024x768.jpg 1024w, https:\/\/highschool-ul.me\/mne\/wp-content\/uploads\/2024\/03\/434422451_905520004708603_1645061946329895001_n-300x225.jpg 300w, https:\/\/highschool-ul.me\/mne\/wp-content\/uploads\/2024\/03\/434422451_905520004708603_1645061946329895001_n-768x576.jpg 768w, https:\/\/highschool-ul.me\/mne\/wp-content\/uploads\/2024\/03\/434422451_905520004708603_1645061946329895001_n.jpg 1440w\" sizes=\"auto, (max-width: 1024px) 100vw, 1024px\" \/><\/figure>\n\n\n\n<p class=\"has-large-font-size\">Sjedi\u0161ta i stolovi u ovom kutku napravljeni su od reciklirane plastike i na taj na\u010din osvje\u0161\u0107uju u\u010denike o velikom zna\u010daju za\u0161tite \u017eivotne sredine. Tako\u0111e u\u010denicima ukazuju na kori\u0161\u0107enje ekolo\u0161kih alternativa i razmi\u0161ljanja i djelovanja na \u201ezelen\u201c na\u010din.<\/p>\n\n\n\n<p><a href=\"https:\/\/www.facebook.com\/photo\/?fbid=905519601375310&amp;set=pcb.905519771375293&amp;__cft__[0]=AZWNm4mFFDyBrZbKqacuAKo0c9telz6AH4ayUcN0zv4_VZbjuBVLAln9WMsmJ8uHbcyrWVlLBw1kkYK6drQXdSynb6CI_ucHNlnJFzg0SavrEXN-ERbCBoUsIrc_1S7IJOivVOUXDpMoQgJr159Azwz0Vjz0EWpfU1wS0hU20i3pmwkXVi_sC-6JYIKck1cekfwBT1S-t9CWikpU-a9Gi_wT&amp;__tn__=*bH-R\"><\/a><\/p>\n\n\n\n<p><a href=\"https:\/\/www.facebook.com\/photo\/?fbid=905519644708639&amp;set=pcb.905519771375293&amp;__cft__[0]=AZWNm4mFFDyBrZbKqacuAKo0c9telz6AH4ayUcN0zv4_VZbjuBVLAln9WMsmJ8uHbcyrWVlLBw1kkYK6drQXdSynb6CI_ucHNlnJFzg0SavrEXN-ERbCBoUsIrc_1S7IJOivVOUXDpMoQgJr159Azwz0Vjz0EWpfU1wS0hU20i3pmwkXVi_sC-6JYIKck1cekfwBT1S-t9CWikpU-a9Gi_wT&amp;__tn__=*bH-R\"><\/a><\/p>\n\n\n\n<figure class=\"wp-block-image size-large is-resized\"><img loading=\"lazy\" decoding=\"async\" width=\"1024\" height=\"768\" src=\"https:\/\/highschool-ul.me\/mne\/wp-content\/uploads\/2024\/03\/434026777_905520058041931_961241254574799562_n-1024x768.jpg\" alt=\"\" class=\"wp-image-651\" style=\"object-fit:cover;width:800px;height:600px\" srcset=\"https:\/\/highschool-ul.me\/mne\/wp-content\/uploads\/2024\/03\/434026777_905520058041931_961241254574799562_n-1024x768.jpg 1024w, https:\/\/highschool-ul.me\/mne\/wp-content\/uploads\/2024\/03\/434026777_905520058041931_961241254574799562_n-300x225.jpg 300w, https:\/\/highschool-ul.me\/mne\/wp-content\/uploads\/2024\/03\/434026777_905520058041931_961241254574799562_n-768x576.jpg 768w, https:\/\/highschool-ul.me\/mne\/wp-content\/uploads\/2024\/03\/434026777_905520058041931_961241254574799562_n-1536x1152.jpg 1536w, https:\/\/highschool-ul.me\/mne\/wp-content\/uploads\/2024\/03\/434026777_905520058041931_961241254574799562_n.jpg 1600w\" sizes=\"auto, (max-width: 1024px) 100vw, 1024px\" \/><\/figure>\n\n\n\n<p><a href=\"https:\/\/www.facebook.com\/photo\/?fbid=905519674708636&amp;set=pcb.905519771375293&amp;__cft__[0]=AZWNm4mFFDyBrZbKqacuAKo0c9telz6AH4ayUcN0zv4_VZbjuBVLAln9WMsmJ8uHbcyrWVlLBw1kkYK6drQXdSynb6CI_ucHNlnJFzg0SavrEXN-ERbCBoUsIrc_1S7IJOivVOUXDpMoQgJr159Azwz0Vjz0EWpfU1wS0hU20i3pmwkXVi_sC-6JYIKck1cekfwBT1S-t9CWikpU-a9Gi_wT&amp;__tn__=*bH-R\"><\/a><\/p>\n\n\n\n<p><\/p>\n\n\n","protected":false},"excerpt":{"rendered":"<p>Dan na\u0161e \u0161kole po\u010deo 21. marta ujutro, finalizacijom projekta \u201eZeleni kutak\u201c. Projekat je podr\u017eala Op\u0161tina Ulcinj. Ovom prilikom gradona\u010delnik op\u0161tine, Omer Bajraktari, sa svojim kolegama je posjetio \u0161kolu i otvorio novi kutak na\u0161e \u0161kole. Sjedi\u0161ta i stolovi u ovom kutku napravljeni su od reciklirane plastike i na taj na\u010din osvje\u0161\u0107uju u\u010denike o velikom zna\u010daju za\u0161tite [&hellip;]<\/p>\n","protected":false},"author":3,"featured_media":650,"comment_status":"open","ping_status":"open","sticky":false,"template":"","format":"standard","meta":{"pagelayer_contact_templates":[],"_pagelayer_content":"","footnotes":""},"categories":[3],"tags":[],"class_list":["post-648","post","type-post","status-publish","format-standard","has-post-thumbnail","hentry","category-dan-skole"],"_links":{"self":[{"href":"https:\/\/highschool-ul.me\/mne\/wp-json\/wp\/v2\/posts\/648","targetHints":{"allow":["GET"]}}],"collection":[{"href":"https:\/\/highschool-ul.me\/mne\/wp-json\/wp\/v2\/posts"}],"about":[{"href":"https:\/\/highschool-ul.me\/mne\/wp-json\/wp\/v2\/types\/post"}],"author":[{"embeddable":true,"href":"https:\/\/highschool-ul.me\/mne\/wp-json\/wp\/v2\/users\/3"}],"replies":[{"embeddable":true,"href":"https:\/\/highschool-ul.me\/mne\/wp-json\/wp\/v2\/comments?post=648"}],"version-history":[{"count":4,"href":"https:\/\/highschool-ul.me\/mne\/wp-json\/wp\/v2\/posts\/648\/revisions"}],"predecessor-version":[{"id":655,"href":"https:\/\/highschool-ul.me\/mne\/wp-json\/wp\/v2\/posts\/648\/revisions\/655"}],"wp:featuredmedia":[{"embeddable":true,"href":"https:\/\/highschool-ul.me\/mne\/wp-json\/wp\/v2\/media\/650"}],"wp:attachment":[{"href":"https:\/\/highschool-ul.me\/mne\/wp-json\/wp\/v2\/media?parent=648"}],"wp:term":[{"taxonomy":"category","embeddable":true,"href":"https:\/\/highschool-ul.me\/mne\/wp-json\/wp\/v2\/categories?post=648"},{"taxonomy":"post_tag","embeddable":true,"href":"https:\/\/highschool-ul.me\/mne\/wp-json\/wp\/v2\/tags?post=648"}],"curies":[{"name":"wp","href":"https:\/\/api.w.org\/{rel}","templated":true}]}}