{"id":492,"date":"2021-05-12T09:57:00","date_gmt":"2021-05-12T09:57:00","guid":{"rendered":"https:\/\/highschool-ul.me\/mne\/?p=492"},"modified":"2021-05-18T13:52:31","modified_gmt":"2021-05-18T13:52:31","slug":"pruzena-ruka-saradnje-direktorica-msja-zenepa-lika-posjetila-nasu-skolu","status":"publish","type":"post","link":"https:\/\/highschool-ul.me\/mne\/pruzena-ruka-saradnje-direktorica-msja-zenepa-lika-posjetila-nasu-skolu\/","title":{"rendered":"Pru\u017eena ruka saradnje: DIREKTORICA MSJA, ZENEPA LIKA POSJETILA NA\u0160U \u0160KOLU"},"content":{"rendered":"\n<p>Prije nekoliko dana na\u0161u \u0161kolu posjetila je direktorica MSJA &#8211; Dr. Martin Schneider-Jacoby Association, Zenepa Lika,koja se sastala sa direktoricom Arditom Kova\u010devi\u0107 i i osobljem \u0161kole koje su sa\u010dinjavali nekoliko profesora na\u0161e \u0161kole.Na ovom vrlo pozitivnom i motiviraju\u0107em sastanku, direktorica MSJA, Zenepa Lika obratila se direktorici Arditi Kova\u010devi\u0107 i osoblju gimnazije s inicijativom koja ima veze sa pobolj\u0161anjem i raznim idejama ure\u0111enja vrta i prostora oko zgrade, integracija gra\u0111ana iz susjedstva, studenata, lokalnih institucija i \u0161ire.<br>Razgovarano je o za\u0161titi okoli\u0161a i intenzivnijem uklju\u010divanju osoblja i u\u010denika, a razgovarali smo i o pitanju rje\u0161avanja &#8220;segregacijskog&#8221; zida i \u0161tete koju ovaj zid nanosi, ne samo u pogledu poplava s obje njegove strane ve\u0107 i u humanitarni aspekt.<br>Veoma plodan sastanak zavr\u0161en je obostranom iskazanom voljom i \u017eeljom da se stvori atmosfera za ljep\u0161e i integrativnije okru\u017eenje za sve.<br>Svi smo pozvani da doprinesemo &#8220;postoji nit&#8221; &#8230;\u201c \u2013 apeluje Zenepa.<br>Za prvu aktivnost smo se dogovorili.<br>Zejnepa nas uvjerava da MSJA &#8211; Dr. Udru\u017eenje Martin Schneider-Jacoby uvijek \u0107e biti spremno na suradnju i doprinijeti da na\u0161 grad u\u010dini inkluzivnijim i zelenijim. \u201eU\u017eivamo raditi zajedno\u201c poru\u010dila je Zenepa, zahvaliv\u0161i se na konstruktivnom sastanku sa nadom.<\/p>\n","protected":false},"excerpt":{"rendered":"<p>Prije nekoliko dana na\u0161u \u0161kolu posjetila je direktorica MSJA &#8211; Dr. Martin Schneider-Jacoby Association, Zenepa Lika,koja se sastala sa direktoricom Arditom Kova\u010devi\u0107 i i osobljem \u0161kole koje su sa\u010dinjavali nekoliko profesora na\u0161e \u0161kole.Na ovom vrlo pozitivnom i motiviraju\u0107em sastanku, direktorica MSJA, Zenepa Lika obratila se direktorici Arditi Kova\u010devi\u0107 i osoblju gimnazije s inicijativom koja ima [&hellip;]<\/p>\n","protected":false},"author":2,"featured_media":493,"comment_status":"open","ping_status":"open","sticky":false,"template":"","format":"standard","meta":{"pagelayer_contact_templates":[],"_pagelayer_content":"","footnotes":""},"categories":[10],"tags":[33,153,156,72],"class_list":["post-492","post","type-post","status-publish","format-standard","has-post-thumbnail","hentry","category-razne-aktivnosti","tag-bratstvo-jedinstvo","tag-posjeta","tag-saradnja","tag-skola"],"_links":{"self":[{"href":"https:\/\/highschool-ul.me\/mne\/wp-json\/wp\/v2\/posts\/492","targetHints":{"allow":["GET"]}}],"collection":[{"href":"https:\/\/highschool-ul.me\/mne\/wp-json\/wp\/v2\/posts"}],"about":[{"href":"https:\/\/highschool-ul.me\/mne\/wp-json\/wp\/v2\/types\/post"}],"author":[{"embeddable":true,"href":"https:\/\/highschool-ul.me\/mne\/wp-json\/wp\/v2\/users\/2"}],"replies":[{"embeddable":true,"href":"https:\/\/highschool-ul.me\/mne\/wp-json\/wp\/v2\/comments?post=492"}],"version-history":[{"count":1,"href":"https:\/\/highschool-ul.me\/mne\/wp-json\/wp\/v2\/posts\/492\/revisions"}],"predecessor-version":[{"id":495,"href":"https:\/\/highschool-ul.me\/mne\/wp-json\/wp\/v2\/posts\/492\/revisions\/495"}],"wp:featuredmedia":[{"embeddable":true,"href":"https:\/\/highschool-ul.me\/mne\/wp-json\/wp\/v2\/media\/493"}],"wp:attachment":[{"href":"https:\/\/highschool-ul.me\/mne\/wp-json\/wp\/v2\/media?parent=492"}],"wp:term":[{"taxonomy":"category","embeddable":true,"href":"https:\/\/highschool-ul.me\/mne\/wp-json\/wp\/v2\/categories?post=492"},{"taxonomy":"post_tag","embeddable":true,"href":"https:\/\/highschool-ul.me\/mne\/wp-json\/wp\/v2\/tags?post=492"}],"curies":[{"name":"wp","href":"https:\/\/api.w.org\/{rel}","templated":true}]}}