{"id":333,"date":"2021-05-17T13:25:00","date_gmt":"2021-05-17T13:25:00","guid":{"rendered":"https:\/\/highschool-ul.me\/mne\/?p=333"},"modified":"2021-05-18T13:43:37","modified_gmt":"2021-05-18T13:43:37","slug":"dragocjena-posjeta-predstavnice-vrtica-solidarnost-u-nasoj-skoli","status":"publish","type":"post","link":"https:\/\/highschool-ul.me\/mne\/dragocjena-posjeta-predstavnice-vrtica-solidarnost-u-nasoj-skoli\/","title":{"rendered":"Dragocjena posjeta predstavnice vrti\u0107a Solidarnost u na\u0161oj \u0161koli"},"content":{"rendered":"\n<p>Predstavnice ustanove Vrti\u0107a Solidarnost Nela Milovic, Andjela Djukic, Miranda Maniq i Esma Hasiq posjetile na\u0161u \u0161kolu i tom prilikom prezentovale maturantima organizaciju rada na Studijskom programu za pred\u0161ksko vaspitanje i obrazovanje Filozofskog fakulteta u Nik\u0161i\u0107u, a sve u cilju stimulisanja mladih da se opredijele za vaspita\u010dku struku. Ovim putem su se zahvaljile direktorici Arditi Kova\u010devi\u0107 na saradnji i izrazile nadu za dalje ja\u010danje postoje\u0107ih odnosa izmedju na\u0161ih ustanova!<\/p>\n\n\n\n<p>JUSM\u0160 &#8220;Bratstvo Jedinstvo &#8221; Ulcinj IPSHMK&#8221;V\u00ebllaz\u00ebrim Bashkim&#8221; Ulqin<br>\u041c\u0438\u043d\u0438\u0441\u0442\u0430\u0440\u0441\u0442\u0432\u043e \u043f\u0440\u043e\u0441\u0432\u0458\u0435\u0442\u0435, \u043d\u0430\u0443\u043a\u0435, \u043a\u0443\u043b\u0442\u0443\u0440\u0435 \u0438 \u0441\u043f\u043e\u0440\u0442\u0430 \u0426\u0440\u043d\u0435 \u0413\u043e\u0440\u0435<br>Ardita Kovacevic<br>Filozofski\/Filolo\u0161ki fakultet &#8211; Niksic<\/p>\n\n\n\n<figure class=\"wp-block-gallery columns-2 is-cropped wp-block-gallery-1 is-layout-flex wp-block-gallery-is-layout-flex\"><ul class=\"blocks-gallery-grid\"><li class=\"blocks-gallery-item\"><figure><img loading=\"lazy\" decoding=\"async\" width=\"720\" height=\"540\" src=\"https:\/\/highschool-ul.me\/mne\/wp-content\/uploads\/2021\/05\/186564146_4368583883173396_3909945149374712348_n.jpg\" alt=\"\" data-id=\"488\" data-link=\"https:\/\/highschool-ul.me\/mne\/?attachment_id=488\" class=\"wp-image-488\" srcset=\"https:\/\/highschool-ul.me\/mne\/wp-content\/uploads\/2021\/05\/186564146_4368583883173396_3909945149374712348_n.jpg 720w, https:\/\/highschool-ul.me\/mne\/wp-content\/uploads\/2021\/05\/186564146_4368583883173396_3909945149374712348_n-300x225.jpg 300w\" sizes=\"auto, (max-width: 720px) 100vw, 720px\" \/><\/figure><\/li><li class=\"blocks-gallery-item\"><figure><img loading=\"lazy\" decoding=\"async\" width=\"768\" height=\"1024\" src=\"https:\/\/highschool-ul.me\/mne\/wp-content\/uploads\/2021\/05\/187774908_4368584339840017_1563258202200815807_n-768x1024.jpg\" alt=\"\" data-id=\"489\" data-link=\"https:\/\/highschool-ul.me\/mne\/?attachment_id=489\" class=\"wp-image-489\" srcset=\"https:\/\/highschool-ul.me\/mne\/wp-content\/uploads\/2021\/05\/187774908_4368584339840017_1563258202200815807_n-768x1024.jpg 768w, https:\/\/highschool-ul.me\/mne\/wp-content\/uploads\/2021\/05\/187774908_4368584339840017_1563258202200815807_n-225x300.jpg 225w, https:\/\/highschool-ul.me\/mne\/wp-content\/uploads\/2021\/05\/187774908_4368584339840017_1563258202200815807_n-1152x1536.jpg 1152w, https:\/\/highschool-ul.me\/mne\/wp-content\/uploads\/2021\/05\/187774908_4368584339840017_1563258202200815807_n.jpg 1200w\" sizes=\"auto, (max-width: 768px) 100vw, 768px\" \/><\/figure><\/li><\/ul><\/figure>\n","protected":false},"excerpt":{"rendered":"<p>Predstavnice ustanove Vrti\u0107a Solidarnost Nela Milovic, Andjela Djukic, Miranda Maniq i Esma Hasiq posjetile na\u0161u \u0161kolu i tom prilikom prezentovale maturantima organizaciju rada na Studijskom programu za pred\u0161ksko vaspitanje i obrazovanje Filozofskog fakulteta u Nik\u0161i\u0107u, a sve u cilju stimulisanja mladih da se opredijele za vaspita\u010dku struku. Ovim putem su se zahvaljile direktorici Arditi Kova\u010devi\u0107 [&hellip;]<\/p>\n","protected":false},"author":2,"featured_media":486,"comment_status":"open","ping_status":"open","sticky":false,"template":"","format":"standard","meta":{"pagelayer_contact_templates":[],"_pagelayer_content":"","footnotes":""},"categories":[10],"tags":[87,153,154,72,14,152],"class_list":["post-333","post","type-post","status-publish","format-standard","has-post-thumbnail","hentry","category-razne-aktivnosti","tag-crna-gora","tag-posjeta","tag-prezentacija","tag-skola","tag-ulcinj","tag-vrtic"],"_links":{"self":[{"href":"https:\/\/highschool-ul.me\/mne\/wp-json\/wp\/v2\/posts\/333","targetHints":{"allow":["GET"]}}],"collection":[{"href":"https:\/\/highschool-ul.me\/mne\/wp-json\/wp\/v2\/posts"}],"about":[{"href":"https:\/\/highschool-ul.me\/mne\/wp-json\/wp\/v2\/types\/post"}],"author":[{"embeddable":true,"href":"https:\/\/highschool-ul.me\/mne\/wp-json\/wp\/v2\/users\/2"}],"replies":[{"embeddable":true,"href":"https:\/\/highschool-ul.me\/mne\/wp-json\/wp\/v2\/comments?post=333"}],"version-history":[{"count":1,"href":"https:\/\/highschool-ul.me\/mne\/wp-json\/wp\/v2\/posts\/333\/revisions"}],"predecessor-version":[{"id":491,"href":"https:\/\/highschool-ul.me\/mne\/wp-json\/wp\/v2\/posts\/333\/revisions\/491"}],"wp:featuredmedia":[{"embeddable":true,"href":"https:\/\/highschool-ul.me\/mne\/wp-json\/wp\/v2\/media\/486"}],"wp:attachment":[{"href":"https:\/\/highschool-ul.me\/mne\/wp-json\/wp\/v2\/media?parent=333"}],"wp:term":[{"taxonomy":"category","embeddable":true,"href":"https:\/\/highschool-ul.me\/mne\/wp-json\/wp\/v2\/categories?post=333"},{"taxonomy":"post_tag","embeddable":true,"href":"https:\/\/highschool-ul.me\/mne\/wp-json\/wp\/v2\/tags?post=333"}],"curies":[{"name":"wp","href":"https:\/\/api.w.org\/{rel}","templated":true}]}}