{"id":290,"date":"2021-05-08T09:50:35","date_gmt":"2021-05-08T09:50:35","guid":{"rendered":"https:\/\/highschool-ul.me\/mne\/?p=290"},"modified":"2021-05-08T09:57:06","modified_gmt":"2021-05-08T09:57:06","slug":"zaboravljenja-knjeginja-jadrana-ide-na-medunarodno-takmicenje","status":"publish","type":"post","link":"https:\/\/highschool-ul.me\/mne\/zaboravljenja-knjeginja-jadrana-ide-na-medunarodno-takmicenje\/","title":{"rendered":",,Zaboravljenja knjeginja Jadrana&#8221; ide na me\u0111unarodno takmi\u010denje"},"content":{"rendered":"\n<p>Na osnovu preporuka medjunarodne koordinacije Mladih ekoreportera, plasmana, tematike kojom se bave, ispunjenosti kriterijuma i godi\u0161ta autora, NVO \u201cEKOM\u201d, kao nacionalni operater programa, odredila je osam radova za medjunarodni konkurs \u201cYOUNG REPORTERS FOR THE ENVIRONMENT 2021\u201d, koji \u0107e tokom maja biti poslati na \u017eiriranje u Kopenhagen. Rezultati \u0107e biti objavljeni po\u010detkom septembra ove godine.<\/p>\n\n\n\n<p>Jedan od tih radova pripremili su u\u010denici na\u0161e \u0161kole:<\/p>\n\n\n\n<p><strong>VIDEO<\/strong><strong>&nbsp;(15-18)<\/strong><\/p>\n\n\n\n<p><strong>\u201eZaboravljena knjeginja Jadrana\u201c &#8211; Haris Ko\u010dan, Edita Kova\u010devi\u0107 i Diandra Ko\u010dan (Srednja mje\u0161ovita \u0161kola \u201cBratstvo jedinstvo\u201c, Ulcinj)<\/strong><\/p>\n\n\n\n<figure class=\"wp-block-embed is-type-video is-provider-youtube wp-block-embed-youtube wp-embed-aspect-16-9 wp-has-aspect-ratio\"><div class=\"wp-block-embed__wrapper\">\n<iframe loading=\"lazy\" title=\"Zaboravljena knjeginja Jadrana\" width=\"500\" height=\"281\" src=\"https:\/\/www.youtube.com\/embed\/_N5MICUcjmY?start=1&#038;feature=oembed\" frameborder=\"0\" allow=\"accelerometer; autoplay; clipboard-write; encrypted-media; gyroscope; picture-in-picture; web-share\" referrerpolicy=\"strict-origin-when-cross-origin\" allowfullscreen><\/iframe>\n<\/div><\/figure>\n","protected":false},"excerpt":{"rendered":"<p>Na osnovu preporuka medjunarodne koordinacije Mladih ekoreportera, plasmana, tematike kojom se bave, ispunjenosti kriterijuma i godi\u0161ta autora, NVO \u201cEKOM\u201d, kao nacionalni operater programa, odredila je osam radova za medjunarodni konkurs \u201cYOUNG REPORTERS FOR THE ENVIRONMENT 2021\u201d, koji \u0107e tokom maja biti poslati na \u017eiriranje u Kopenhagen. Rezultati \u0107e biti objavljeni po\u010detkom septembra ove godine. Jedan [&hellip;]<\/p>\n","protected":false},"author":2,"featured_media":293,"comment_status":"open","ping_status":"open","sticky":false,"template":"","format":"standard","meta":{"pagelayer_contact_templates":[],"_pagelayer_content":"","footnotes":""},"categories":[6],"tags":[63,88,89,111,121,105,113,112],"class_list":["post-290","post","type-post","status-publish","format-standard","has-post-thumbnail","hentry","category-takmicenja-znanja","tag-diandra-kocan-2","tag-edita-kovacevic-2","tag-haris-kocan-2","tag-haxhere-gjenasheviq","tag-medunarodno-takmicenje","tag-mladi-eko-reporteri","tag-video","tag-zaboravljena-knjeginja-jadrana"],"_links":{"self":[{"href":"https:\/\/highschool-ul.me\/mne\/wp-json\/wp\/v2\/posts\/290","targetHints":{"allow":["GET"]}}],"collection":[{"href":"https:\/\/highschool-ul.me\/mne\/wp-json\/wp\/v2\/posts"}],"about":[{"href":"https:\/\/highschool-ul.me\/mne\/wp-json\/wp\/v2\/types\/post"}],"author":[{"embeddable":true,"href":"https:\/\/highschool-ul.me\/mne\/wp-json\/wp\/v2\/users\/2"}],"replies":[{"embeddable":true,"href":"https:\/\/highschool-ul.me\/mne\/wp-json\/wp\/v2\/comments?post=290"}],"version-history":[{"count":3,"href":"https:\/\/highschool-ul.me\/mne\/wp-json\/wp\/v2\/posts\/290\/revisions"}],"predecessor-version":[{"id":302,"href":"https:\/\/highschool-ul.me\/mne\/wp-json\/wp\/v2\/posts\/290\/revisions\/302"}],"wp:featuredmedia":[{"embeddable":true,"href":"https:\/\/highschool-ul.me\/mne\/wp-json\/wp\/v2\/media\/293"}],"wp:attachment":[{"href":"https:\/\/highschool-ul.me\/mne\/wp-json\/wp\/v2\/media?parent=290"}],"wp:term":[{"taxonomy":"category","embeddable":true,"href":"https:\/\/highschool-ul.me\/mne\/wp-json\/wp\/v2\/categories?post=290"},{"taxonomy":"post_tag","embeddable":true,"href":"https:\/\/highschool-ul.me\/mne\/wp-json\/wp\/v2\/tags?post=290"}],"curies":[{"name":"wp","href":"https:\/\/api.w.org\/{rel}","templated":true}]}}