{"id":262,"date":"2021-04-22T03:45:00","date_gmt":"2021-04-22T03:45:00","guid":{"rendered":"https:\/\/highschool-ul.me\/mne\/?p=262"},"modified":"2021-05-04T13:57:19","modified_gmt":"2021-05-04T13:57:19","slug":"prvo-mjesto-na-takmicenju-mladih-eko-reporteri","status":"publish","type":"post","link":"https:\/\/highschool-ul.me\/mne\/prvo-mjesto-na-takmicenju-mladih-eko-reporteri\/","title":{"rendered":"PRVO MJESTO NA TAKMI\u010cENJU MLADIH EKO-REPORTERA"},"content":{"rendered":"\n<p>\ud83c\udfc6Pobjeda !!!<\/p>\n\n\n\n<p>Na konkursu \u201eMladi eko-reporteri Crne Gore\u201c u kategoriji &#8211; video \/ film &#8211; pobjedu na\u0161oj \u0161koli donijeli su u\u010denici Haris Ko\u010dan, Edita Kova\u010devic\u0301 i Diandra Ko\u010dan, pod mentorstvom profesorice Haxhere Gjenashi, sa video zapisom pod nazivom \u201eZaboravljena knjeginja Jadrana\u201c. <\/p>\n\n\n\n<p>Svaka \u010dast!<\/p>\n\n\n\n<figure class=\"wp-block-embed is-type-video is-provider-youtube wp-block-embed-youtube wp-embed-aspect-16-9 wp-has-aspect-ratio\"><div class=\"wp-block-embed__wrapper\">\n<iframe loading=\"lazy\" title=\"Zaboravljena knjeginja Jadrana\" width=\"500\" height=\"281\" src=\"https:\/\/www.youtube.com\/embed\/_N5MICUcjmY?feature=oembed\" frameborder=\"0\" allow=\"accelerometer; autoplay; clipboard-write; encrypted-media; gyroscope; picture-in-picture; web-share\" referrerpolicy=\"strict-origin-when-cross-origin\" allowfullscreen><\/iframe>\n<\/div><\/figure>\n\n\n\n<p><\/p>\n","protected":false},"excerpt":{"rendered":"<p>\ud83c\udfc6Pobjeda !!! Na konkursu \u201eMladi eko-reporteri Crne Gore\u201c u kategoriji &#8211; video \/ film &#8211; pobjedu na\u0161oj \u0161koli donijeli su u\u010denici Haris Ko\u010dan, Edita Kova\u010devic\u0301 i Diandra Ko\u010dan, pod mentorstvom profesorice Haxhere Gjenashi, sa video zapisom pod nazivom \u201eZaboravljena knjeginja Jadrana\u201c. Svaka \u010dast!<\/p>\n","protected":false},"author":2,"featured_media":267,"comment_status":"open","ping_status":"open","sticky":false,"template":"","format":"standard","meta":{"pagelayer_contact_templates":[],"_pagelayer_content":"","footnotes":""},"categories":[6],"tags":[63,88,109,89,111,52,105,106,108,107,114,113,112,110],"class_list":["post-262","post","type-post","status-publish","format-standard","has-post-thumbnail","hentry","category-takmicenja-znanja","tag-diandra-kocan-2","tag-edita-kovacevic-2","tag-ekologija","tag-haris-kocan-2","tag-haxhere-gjenasheviq","tag-konkurs","tag-mladi-eko-reporteri","tag-pobjeda","tag-port-milena","tag-prvo-mjesto","tag-reportaza","tag-video","tag-zaboravljena-knjeginja-jadrana","tag-zivotna-sredina"],"_links":{"self":[{"href":"https:\/\/highschool-ul.me\/mne\/wp-json\/wp\/v2\/posts\/262","targetHints":{"allow":["GET"]}}],"collection":[{"href":"https:\/\/highschool-ul.me\/mne\/wp-json\/wp\/v2\/posts"}],"about":[{"href":"https:\/\/highschool-ul.me\/mne\/wp-json\/wp\/v2\/types\/post"}],"author":[{"embeddable":true,"href":"https:\/\/highschool-ul.me\/mne\/wp-json\/wp\/v2\/users\/2"}],"replies":[{"embeddable":true,"href":"https:\/\/highschool-ul.me\/mne\/wp-json\/wp\/v2\/comments?post=262"}],"version-history":[{"count":2,"href":"https:\/\/highschool-ul.me\/mne\/wp-json\/wp\/v2\/posts\/262\/revisions"}],"predecessor-version":[{"id":266,"href":"https:\/\/highschool-ul.me\/mne\/wp-json\/wp\/v2\/posts\/262\/revisions\/266"}],"wp:featuredmedia":[{"embeddable":true,"href":"https:\/\/highschool-ul.me\/mne\/wp-json\/wp\/v2\/media\/267"}],"wp:attachment":[{"href":"https:\/\/highschool-ul.me\/mne\/wp-json\/wp\/v2\/media?parent=262"}],"wp:term":[{"taxonomy":"category","embeddable":true,"href":"https:\/\/highschool-ul.me\/mne\/wp-json\/wp\/v2\/categories?post=262"},{"taxonomy":"post_tag","embeddable":true,"href":"https:\/\/highschool-ul.me\/mne\/wp-json\/wp\/v2\/tags?post=262"}],"curies":[{"name":"wp","href":"https:\/\/api.w.org\/{rel}","templated":true}]}}