{"id":242,"date":"2021-04-28T13:34:00","date_gmt":"2021-04-28T13:34:00","guid":{"rendered":"https:\/\/highschool-ul.me\/mne\/?p=242"},"modified":"2021-05-04T13:45:22","modified_gmt":"2021-05-04T13:45:22","slug":"autism-awareness-month","status":"publish","type":"post","link":"https:\/\/highschool-ul.me\/mne\/autism-awareness-month\/","title":{"rendered":"AUTISM AWARENESS MONTH"},"content":{"rendered":"\n<p>Autism awareness month<\/p>\n\n\n\n<p>NA\u0160I U\u010cENICI \u0160ALJU PORUKE PRIHVATANJA I PODR\u0160KE<\/p>\n\n\n\n<p>Tokom aprila mjeseca u na\u0161oj \u0161koli su organizovane razne aktivnosti sa u\u010denicima za podizanje svjesti i prihvatanje osoba sa autizmom. U to vrijeme organizovani su razni sastanci i radionice na kojima su u\u010denici dobili informacije o tome \u0161ta je autizam i kako to mo\u017eemo razumjeti.<\/p>\n\n\n\n<p>Kada se dru\u0161tvo usredsredi na ono \u0161to mo\u017eemo, a ne na ono \u0161to ne mo\u017eemo, o\u010dekuju nas lepe promene!<\/p>\n\n\n\n<p>Aktivnosti su sprovodili u\u010denici: Denis, Haris, Agnesa, Anesa, Arisa, Edita, Hera, Jonida, Kristina, Linda, Ljubo, Mendim, Miranda, Refik, Diandra, Sanja, Mustafa. Pod mentorstvom psiholo\u0161kinje \u0161kole Blerte Kasneci.<\/p>\n\n\n\n<figure class=\"wp-block-image size-large\"><img loading=\"lazy\" decoding=\"async\" width=\"800\" height=\"374\" src=\"https:\/\/highschool-ul.me\/mne\/wp-content\/uploads\/2021\/05\/autizam-publika-1.jpg\" alt=\"\" class=\"wp-image-246\" srcset=\"https:\/\/highschool-ul.me\/mne\/wp-content\/uploads\/2021\/05\/autizam-publika-1.jpg 800w, https:\/\/highschool-ul.me\/mne\/wp-content\/uploads\/2021\/05\/autizam-publika-1-300x140.jpg 300w, https:\/\/highschool-ul.me\/mne\/wp-content\/uploads\/2021\/05\/autizam-publika-1-768x359.jpg 768w\" sizes=\"auto, (max-width: 800px) 100vw, 800px\" \/><\/figure>\n","protected":false},"excerpt":{"rendered":"<p>Autism awareness month NA\u0160I U\u010cENICI \u0160ALJU PORUKE PRIHVATANJA I PODR\u0160KE Tokom aprila mjeseca u na\u0161oj \u0161koli su organizovane razne aktivnosti sa u\u010denicima za podizanje svjesti i prihvatanje osoba sa autizmom. U to vrijeme organizovani su razni sastanci i radionice na kojima su u\u010denici dobili informacije o tome \u0161ta je autizam i kako to mo\u017eemo razumjeti. [&hellip;]<\/p>\n","protected":false},"author":2,"featured_media":252,"comment_status":"open","ping_status":"open","sticky":false,"template":"","format":"standard","meta":{"pagelayer_contact_templates":[],"_pagelayer_content":"","footnotes":""},"categories":[10],"tags":[99,41,95,97,96,63,98],"class_list":["post-242","post","type-post","status-publish","format-standard","has-post-thumbnail","hentry","category-razne-aktivnosti","tag-agnesa-dragovoja","tag-arisa-dervisi","tag-autism","tag-autism_awareness","tag-autizm_month","tag-diandra-kocan-2","tag-presentation"],"_links":{"self":[{"href":"https:\/\/highschool-ul.me\/mne\/wp-json\/wp\/v2\/posts\/242","targetHints":{"allow":["GET"]}}],"collection":[{"href":"https:\/\/highschool-ul.me\/mne\/wp-json\/wp\/v2\/posts"}],"about":[{"href":"https:\/\/highschool-ul.me\/mne\/wp-json\/wp\/v2\/types\/post"}],"author":[{"embeddable":true,"href":"https:\/\/highschool-ul.me\/mne\/wp-json\/wp\/v2\/users\/2"}],"replies":[{"embeddable":true,"href":"https:\/\/highschool-ul.me\/mne\/wp-json\/wp\/v2\/comments?post=242"}],"version-history":[{"count":1,"href":"https:\/\/highschool-ul.me\/mne\/wp-json\/wp\/v2\/posts\/242\/revisions"}],"predecessor-version":[{"id":261,"href":"https:\/\/highschool-ul.me\/mne\/wp-json\/wp\/v2\/posts\/242\/revisions\/261"}],"wp:featuredmedia":[{"embeddable":true,"href":"https:\/\/highschool-ul.me\/mne\/wp-json\/wp\/v2\/media\/252"}],"wp:attachment":[{"href":"https:\/\/highschool-ul.me\/mne\/wp-json\/wp\/v2\/media?parent=242"}],"wp:term":[{"taxonomy":"category","embeddable":true,"href":"https:\/\/highschool-ul.me\/mne\/wp-json\/wp\/v2\/categories?post=242"},{"taxonomy":"post_tag","embeddable":true,"href":"https:\/\/highschool-ul.me\/mne\/wp-json\/wp\/v2\/tags?post=242"}],"curies":[{"name":"wp","href":"https:\/\/api.w.org\/{rel}","templated":true}]}}