{"id":233,"date":"2021-05-01T05:02:00","date_gmt":"2021-05-01T05:02:00","guid":{"rendered":"https:\/\/highschool-ul.me\/mne\/?p=233"},"modified":"2021-05-04T13:42:07","modified_gmt":"2021-05-04T13:42:07","slug":"drugo-mjesto-u-dvodnevnom-hakatonu-koji-je-organizovao-institut-za-medije-crne-gore","status":"publish","type":"post","link":"https:\/\/highschool-ul.me\/mne\/drugo-mjesto-u-dvodnevnom-hakatonu-koji-je-organizovao-institut-za-medije-crne-gore\/","title":{"rendered":"DRUGO MJESTO U DVODNEVNOM HAKATONU KOJI JE ORGANIZOVAO INSTITUT ZA MEDIJE CRNE GORE"},"content":{"rendered":"\n<p>Jo\u0161 jedan u nizu uspjeha na\u0161ih u\u010denika. Ubrzo i realizacija ideje<\/p>\n\n\n\n<p>DRUGO MJESTO U DVODNEVNOM HAKATONU KOJI JE ORGANIZOVAO INSTITUT ZA MEDIJE CRNE GORE<\/p>\n\n\n\n<p>Peto\u010dlani tim na\u0161e \u0161kole kojeg sa\u010dinjavaju u\u010denici Sanja Cau\u0161evi\u010d, Edita Kova\u010devi\u0107 ,Iva Mini\u0107 Diandra Ko\u010dan i Haris Ko\u010dan osvojio je drugo mjesto na dvodnevom hakatonu #YouthForMILSolutions, koji je organizovao Institut za medije Crne Gore IMCG.Oni su pod mentorstvom profesorice Sne\u017eane \u017divanovi\u0107 izradili emisiju \u201eKako mediji oblikuju pogled mladih na svijet i kako uti\u010du na pona\u0161anje\u201c. Nagradjeni su pametnim satovima i daljom saradnjom.<\/p>\n\n\n\n<p>Jako su zadovoljni rezultatima takmi\u010denja, te isti\u010du da planiraju da realizuju svoju ideju.\u201cMi kao tim formirali smo prvi Omladinski klub u Ulcinju. To je ve\u0107 jedna platforma preko koje \u0107emo plasirati na\u0161e rje\u0161enje, odnosno edukativnu emisiju o medijskoj pismenosti, a plasira\u0107emo je i na Youtube kanalu i u \u0161koli. Tako da jedva \u010dekamo da po\u010dnemo sa radom\u201d kaze Diandra. <\/p>\n\n\n\n<figure class=\"wp-block-image size-large is-style-default\"><img loading=\"lazy\" decoding=\"async\" width=\"960\" height=\"720\" src=\"https:\/\/highschool-ul.me\/mne\/wp-content\/uploads\/2021\/05\/DRUGO-MJESTO-U-DVODNEVNOM-HAKATONU-KOJI-JE-ORGANIZOVAO-INSTITUT-ZA-MEDIJE-CRNE-GORE-2.jpg\" alt=\"\" class=\"wp-image-240\" srcset=\"https:\/\/highschool-ul.me\/mne\/wp-content\/uploads\/2021\/05\/DRUGO-MJESTO-U-DVODNEVNOM-HAKATONU-KOJI-JE-ORGANIZOVAO-INSTITUT-ZA-MEDIJE-CRNE-GORE-2.jpg 960w, https:\/\/highschool-ul.me\/mne\/wp-content\/uploads\/2021\/05\/DRUGO-MJESTO-U-DVODNEVNOM-HAKATONU-KOJI-JE-ORGANIZOVAO-INSTITUT-ZA-MEDIJE-CRNE-GORE-2-300x225.jpg 300w, https:\/\/highschool-ul.me\/mne\/wp-content\/uploads\/2021\/05\/DRUGO-MJESTO-U-DVODNEVNOM-HAKATONU-KOJI-JE-ORGANIZOVAO-INSTITUT-ZA-MEDIJE-CRNE-GORE-2-768x576.jpg 768w\" sizes=\"auto, (max-width: 960px) 100vw, 960px\" \/><\/figure>\n\n\n\n<figure class=\"wp-block-image size-large is-style-rounded\"><img loading=\"lazy\" decoding=\"async\" width=\"960\" height=\"720\" src=\"https:\/\/highschool-ul.me\/mne\/wp-content\/uploads\/2021\/05\/DRUGO-MJESTO-U-DVODNEVNOM-HAKATONU-KOJI-JE-ORGANIZOVAO-INSTITUT-ZA-MEDIJE-CRNE-GORE1-1.jpg\" alt=\"\" class=\"wp-image-239\" srcset=\"https:\/\/highschool-ul.me\/mne\/wp-content\/uploads\/2021\/05\/DRUGO-MJESTO-U-DVODNEVNOM-HAKATONU-KOJI-JE-ORGANIZOVAO-INSTITUT-ZA-MEDIJE-CRNE-GORE1-1.jpg 960w, https:\/\/highschool-ul.me\/mne\/wp-content\/uploads\/2021\/05\/DRUGO-MJESTO-U-DVODNEVNOM-HAKATONU-KOJI-JE-ORGANIZOVAO-INSTITUT-ZA-MEDIJE-CRNE-GORE1-1-300x225.jpg 300w, https:\/\/highschool-ul.me\/mne\/wp-content\/uploads\/2021\/05\/DRUGO-MJESTO-U-DVODNEVNOM-HAKATONU-KOJI-JE-ORGANIZOVAO-INSTITUT-ZA-MEDIJE-CRNE-GORE1-1-768x576.jpg 768w\" sizes=\"auto, (max-width: 960px) 100vw, 960px\" \/><\/figure>\n\n\n\n<figure class=\"wp-block-image size-large is-style-rounded\"><img loading=\"lazy\" decoding=\"async\" width=\"1024\" height=\"768\" src=\"https:\/\/highschool-ul.me\/mne\/wp-content\/uploads\/2021\/05\/DRUGO-MJESTO-U-DVODNEVNOM-HAKATONU-KOJI-JE-ORGANIZOVAO-INSTITUT-ZA-MEDIJE-CRNE-GORE3-1-1024x768.jpg\" alt=\"\" class=\"wp-image-241\" srcset=\"https:\/\/highschool-ul.me\/mne\/wp-content\/uploads\/2021\/05\/DRUGO-MJESTO-U-DVODNEVNOM-HAKATONU-KOJI-JE-ORGANIZOVAO-INSTITUT-ZA-MEDIJE-CRNE-GORE3-1-1024x768.jpg 1024w, https:\/\/highschool-ul.me\/mne\/wp-content\/uploads\/2021\/05\/DRUGO-MJESTO-U-DVODNEVNOM-HAKATONU-KOJI-JE-ORGANIZOVAO-INSTITUT-ZA-MEDIJE-CRNE-GORE3-1-300x225.jpg 300w, https:\/\/highschool-ul.me\/mne\/wp-content\/uploads\/2021\/05\/DRUGO-MJESTO-U-DVODNEVNOM-HAKATONU-KOJI-JE-ORGANIZOVAO-INSTITUT-ZA-MEDIJE-CRNE-GORE3-1-768x576.jpg 768w, https:\/\/highschool-ul.me\/mne\/wp-content\/uploads\/2021\/05\/DRUGO-MJESTO-U-DVODNEVNOM-HAKATONU-KOJI-JE-ORGANIZOVAO-INSTITUT-ZA-MEDIJE-CRNE-GORE3-1-1536x1152.jpg 1536w, https:\/\/highschool-ul.me\/mne\/wp-content\/uploads\/2021\/05\/DRUGO-MJESTO-U-DVODNEVNOM-HAKATONU-KOJI-JE-ORGANIZOVAO-INSTITUT-ZA-MEDIJE-CRNE-GORE3-1.jpg 1600w\" sizes=\"auto, (max-width: 1024px) 100vw, 1024px\" \/><\/figure>\n\n\n\n<figure class=\"wp-block-embed is-type-video is-provider-youtube wp-block-embed-youtube wp-embed-aspect-4-3 wp-has-aspect-ratio\"><div class=\"wp-block-embed__wrapper\">\n<iframe loading=\"lazy\" title=\"Skinimo nao\u010dare - gledajmo pravo u istinu\" width=\"500\" height=\"375\" src=\"https:\/\/www.youtube.com\/embed\/swOz0bxNGmc?feature=oembed\" frameborder=\"0\" allow=\"accelerometer; autoplay; clipboard-write; encrypted-media; gyroscope; picture-in-picture; web-share\" referrerpolicy=\"strict-origin-when-cross-origin\" allowfullscreen><\/iframe>\n<\/div><\/figure>\n","protected":false},"excerpt":{"rendered":"<p>Jo\u0161 jedan u nizu uspjeha na\u0161ih u\u010denika. Ubrzo i realizacija ideje DRUGO MJESTO U DVODNEVNOM HAKATONU KOJI JE ORGANIZOVAO INSTITUT ZA MEDIJE CRNE GORE Peto\u010dlani tim na\u0161e \u0161kole kojeg sa\u010dinjavaju u\u010denici Sanja Cau\u0161evi\u010d, Edita Kova\u010devi\u0107 ,Iva Mini\u0107 Diandra Ko\u010dan i Haris Ko\u010dan osvojio je drugo mjesto na dvodnevom hakatonu #YouthForMILSolutions, koji je organizovao Institut za [&hellip;]<\/p>\n","protected":false},"author":2,"featured_media":236,"comment_status":"open","ping_status":"open","sticky":false,"template":"","format":"standard","meta":{"pagelayer_contact_templates":[],"_pagelayer_content":"","footnotes":""},"categories":[6],"tags":[94,87,63,88,84,89,86,91,92,93,90,68],"class_list":["post-233","post","type-post","status-publish","format-standard","has-post-thumbnail","hentry","category-takmicenja-znanja","tag-youthformilsolutions","tag-crna-gora","tag-diandra-kocan-2","tag-edita-kovacevic-2","tag-hakaton","tag-haris-kocan-2","tag-institut-za-medije","tag-iva-minic","tag-mediji","tag-medijska-pismenost","tag-sanja-causevic-2","tag-snezana-zivanovic-2"],"_links":{"self":[{"href":"https:\/\/highschool-ul.me\/mne\/wp-json\/wp\/v2\/posts\/233","targetHints":{"allow":["GET"]}}],"collection":[{"href":"https:\/\/highschool-ul.me\/mne\/wp-json\/wp\/v2\/posts"}],"about":[{"href":"https:\/\/highschool-ul.me\/mne\/wp-json\/wp\/v2\/types\/post"}],"author":[{"embeddable":true,"href":"https:\/\/highschool-ul.me\/mne\/wp-json\/wp\/v2\/users\/2"}],"replies":[{"embeddable":true,"href":"https:\/\/highschool-ul.me\/mne\/wp-json\/wp\/v2\/comments?post=233"}],"version-history":[{"count":2,"href":"https:\/\/highschool-ul.me\/mne\/wp-json\/wp\/v2\/posts\/233\/revisions"}],"predecessor-version":[{"id":259,"href":"https:\/\/highschool-ul.me\/mne\/wp-json\/wp\/v2\/posts\/233\/revisions\/259"}],"wp:featuredmedia":[{"embeddable":true,"href":"https:\/\/highschool-ul.me\/mne\/wp-json\/wp\/v2\/media\/236"}],"wp:attachment":[{"href":"https:\/\/highschool-ul.me\/mne\/wp-json\/wp\/v2\/media?parent=233"}],"wp:term":[{"taxonomy":"category","embeddable":true,"href":"https:\/\/highschool-ul.me\/mne\/wp-json\/wp\/v2\/categories?post=233"},{"taxonomy":"post_tag","embeddable":true,"href":"https:\/\/highschool-ul.me\/mne\/wp-json\/wp\/v2\/tags?post=233"}],"curies":[{"name":"wp","href":"https:\/\/api.w.org\/{rel}","templated":true}]}}