{"id":229,"date":"2021-05-04T13:25:25","date_gmt":"2021-05-04T13:25:25","guid":{"rendered":"https:\/\/highschool-ul.me\/mne\/?p=229"},"modified":"2021-05-04T13:25:55","modified_gmt":"2021-05-04T13:25:55","slug":"nagrada-za-svaku-pohvalu","status":"publish","type":"post","link":"https:\/\/highschool-ul.me\/mne\/nagrada-za-svaku-pohvalu\/","title":{"rendered":"NAGRADA ZA SVAKU POHVALU"},"content":{"rendered":"\n<p>Od 1 novembra tim na\u0161e \u0161kole kojeg sa\u010dinjavaju u\u010denici na\u0161e \u0161kole Diandra Ko\u010dan,Sanja \u010cau\u0161evi\u0107,Edita Kova\u00e7evi\u0107,Kristina Nreki\u0107 i Haris Ko\u010dan, zvani\u010dno je postao jedan od 5 timova nagra\u0111enih grantom u iznosu od 2.000 EUR za realizaciju prvog Omladinskog kluba u Ulcinju \u2013 Omladinski klub ,,Juvenis\u201d.<br>Kao dio ovog projekta, odlu\u010dili su da interaktivnu tablu vrednu 600 eu koja \u0107e slu\u017eiti svim srednjo\u0161kolcima, samim tim ve\u0107em djelu omladine Ulcinja, poklone na\u0161oj \u0161koli.<\/p>\n","protected":false},"excerpt":{"rendered":"<p>Od 1 novembra tim na\u0161e \u0161kole kojeg sa\u010dinjavaju u\u010denici na\u0161e \u0161kole Diandra Ko\u010dan,Sanja \u010cau\u0161evi\u0107,Edita Kova\u00e7evi\u0107,Kristina Nreki\u0107 i Haris Ko\u010dan, zvani\u010dno je postao jedan od 5 timova nagra\u0111enih grantom u iznosu od 2.000 EUR za realizaciju prvog Omladinskog kluba u Ulcinju \u2013 Omladinski klub ,,Juvenis\u201d.Kao dio ovog projekta, odlu\u010dili su da interaktivnu tablu vrednu 600 eu [&hellip;]<\/p>\n","protected":false},"author":2,"featured_media":230,"comment_status":"open","ping_status":"open","sticky":false,"template":"","format":"standard","meta":{"pagelayer_contact_templates":[],"_pagelayer_content":"","footnotes":""},"categories":[10],"tags":[33,40,77,75,81,78,79,80,76],"class_list":["post-229","post","type-post","status-publish","format-standard","has-post-thumbnail","hentry","category-razne-aktivnosti","tag-bratstvo-jedinstvo","tag-diandra-kocan","tag-edita-kovacevic","tag-haris-kocan","tag-iuvenis","tag-kristina-nrekic","tag-nagrada","tag-omladinski-klub","tag-sanja-causevic"],"_links":{"self":[{"href":"https:\/\/highschool-ul.me\/mne\/wp-json\/wp\/v2\/posts\/229","targetHints":{"allow":["GET"]}}],"collection":[{"href":"https:\/\/highschool-ul.me\/mne\/wp-json\/wp\/v2\/posts"}],"about":[{"href":"https:\/\/highschool-ul.me\/mne\/wp-json\/wp\/v2\/types\/post"}],"author":[{"embeddable":true,"href":"https:\/\/highschool-ul.me\/mne\/wp-json\/wp\/v2\/users\/2"}],"replies":[{"embeddable":true,"href":"https:\/\/highschool-ul.me\/mne\/wp-json\/wp\/v2\/comments?post=229"}],"version-history":[{"count":1,"href":"https:\/\/highschool-ul.me\/mne\/wp-json\/wp\/v2\/posts\/229\/revisions"}],"predecessor-version":[{"id":231,"href":"https:\/\/highschool-ul.me\/mne\/wp-json\/wp\/v2\/posts\/229\/revisions\/231"}],"wp:featuredmedia":[{"embeddable":true,"href":"https:\/\/highschool-ul.me\/mne\/wp-json\/wp\/v2\/media\/230"}],"wp:attachment":[{"href":"https:\/\/highschool-ul.me\/mne\/wp-json\/wp\/v2\/media?parent=229"}],"wp:term":[{"taxonomy":"category","embeddable":true,"href":"https:\/\/highschool-ul.me\/mne\/wp-json\/wp\/v2\/categories?post=229"},{"taxonomy":"post_tag","embeddable":true,"href":"https:\/\/highschool-ul.me\/mne\/wp-json\/wp\/v2\/tags?post=229"}],"curies":[{"name":"wp","href":"https:\/\/api.w.org\/{rel}","templated":true}]}}