{"id":216,"date":"2020-06-27T13:49:00","date_gmt":"2020-06-27T13:49:00","guid":{"rendered":"https:\/\/highschool-ul.me\/mne\/?p=216"},"modified":"2021-04-20T13:53:54","modified_gmt":"2021-04-20T13:53:54","slug":"promocija-monografije-ju-srednje-mjesovite-skole-bratstvo-jedinstvo","status":"publish","type":"post","link":"https:\/\/highschool-ul.me\/mne\/promocija-monografije-ju-srednje-mjesovite-skole-bratstvo-jedinstvo\/","title":{"rendered":"Promocija Monografije JU Srednje mje\u0161ovite \u0161kole \u201eBratstvo-jedinstvo\u201c"},"content":{"rendered":"\n<p><\/p>\n\n\n\n<p>U \u010detvrtak, 25. juna 2020. godine, odr\u017eana je promocija Monografije JU Srednje mje\u0161ovite \u0161kole \u201eBratstvo-jedinstvo\u201c, autorke Sne\u017eane \u017divanovi\u0107. Prva Monografija, nakon 100 godina od po\u010detka rada Ni\u017ee dr\u017eavne gimnazije u Ulcinju, 74 godine od osnivanja \u0160kole u industriji i zanatstvu i 55 godina kontinuiranog rada Gimnazije, napisana je na osnovu bogate arhivske gra\u0111e i obuhvata istorijat sve tri ustanove. Objavljivanje je finansirala \u0160kola, a prvo izdanje je od\u0161tampano u 300 primjeraka. O\u010dekuje se prevod i izdanje na albanskom jeziku. O monografiji su govorili: direktor \u0161kole, Husein Ceno Katana, prof. dr Maksut D\u017e. Had\u017eibrahimovi\u0107, urednik prof. \u0110uro Dabovi\u0107, tehni\u010dki urednik prof. Naser Haljilji i autorka prof. Sne\u017eana \u017divanovi\u0107. Gospodin Fejzo Hod\u017ei\u0107 je svojim sje\u0107anjem o\u017eivio jedan trenutak iz istorije na\u0161e \u0160kole i biranim rije\u010dima uveli\u010dao ovu sve\u010danost. Promociji na otvorenom prisustvovao je veliki broj zvanica, a uprili\u010den je i prigodan umjetni\u010dki program. Zahvaljujemo svima koji su sje\u0107anjima ili slikama faktografske podatke o\u017eivjeli duhom pro\u0161lih vremena.<\/p>\n","protected":false},"excerpt":{"rendered":"<p>U \u010detvrtak, 25. juna 2020. godine, odr\u017eana je promocija Monografije JU Srednje mje\u0161ovite \u0161kole \u201eBratstvo-jedinstvo\u201c, autorke Sne\u017eane \u017divanovi\u0107. Prva Monografija, nakon 100 godina od po\u010detka rada Ni\u017ee dr\u017eavne gimnazije u Ulcinju, 74 godine od osnivanja \u0160kole u industriji i zanatstvu i 55 godina kontinuiranog rada Gimnazije, napisana je na osnovu bogate arhivske gra\u0111e i obuhvata [&hellip;]<\/p>\n","protected":false},"author":2,"featured_media":223,"comment_status":"open","ping_status":"open","sticky":false,"template":"","format":"standard","meta":{"pagelayer_contact_templates":[],"_pagelayer_content":"","footnotes":""},"categories":[10],"tags":[33,56,58,13,59,61,54,62,65,55,14],"class_list":["post-216","post","type-post","status-publish","format-standard","has-post-thumbnail","hentry","category-razne-aktivnosti","tag-bratstvo-jedinstvo","tag-dzuro-dabovic","tag-fejzo-hodzic","tag-gimnazija","tag-huesion-ceo","tag-maskut-hadzibrahimovic","tag-mongrafija-skole","tag-naser-haljilji","tag-promocija","tag-snezana-zivanovic","tag-ulcinj"],"_links":{"self":[{"href":"https:\/\/highschool-ul.me\/mne\/wp-json\/wp\/v2\/posts\/216","targetHints":{"allow":["GET"]}}],"collection":[{"href":"https:\/\/highschool-ul.me\/mne\/wp-json\/wp\/v2\/posts"}],"about":[{"href":"https:\/\/highschool-ul.me\/mne\/wp-json\/wp\/v2\/types\/post"}],"author":[{"embeddable":true,"href":"https:\/\/highschool-ul.me\/mne\/wp-json\/wp\/v2\/users\/2"}],"replies":[{"embeddable":true,"href":"https:\/\/highschool-ul.me\/mne\/wp-json\/wp\/v2\/comments?post=216"}],"version-history":[{"count":1,"href":"https:\/\/highschool-ul.me\/mne\/wp-json\/wp\/v2\/posts\/216\/revisions"}],"predecessor-version":[{"id":221,"href":"https:\/\/highschool-ul.me\/mne\/wp-json\/wp\/v2\/posts\/216\/revisions\/221"}],"wp:featuredmedia":[{"embeddable":true,"href":"https:\/\/highschool-ul.me\/mne\/wp-json\/wp\/v2\/media\/223"}],"wp:attachment":[{"href":"https:\/\/highschool-ul.me\/mne\/wp-json\/wp\/v2\/media?parent=216"}],"wp:term":[{"taxonomy":"category","embeddable":true,"href":"https:\/\/highschool-ul.me\/mne\/wp-json\/wp\/v2\/categories?post=216"},{"taxonomy":"post_tag","embeddable":true,"href":"https:\/\/highschool-ul.me\/mne\/wp-json\/wp\/v2\/tags?post=216"}],"curies":[{"name":"wp","href":"https:\/\/api.w.org\/{rel}","templated":true}]}}