{"id":214,"date":"2020-12-25T13:43:00","date_gmt":"2020-12-25T13:43:00","guid":{"rendered":"https:\/\/highschool-ul.me\/mne\/?p=214"},"modified":"2021-04-20T13:58:06","modified_gmt":"2021-04-20T13:58:06","slug":"konkurs-nauciti-zivjeti-zajedno","status":"publish","type":"post","link":"https:\/\/highschool-ul.me\/mne\/konkurs-nauciti-zivjeti-zajedno\/","title":{"rendered":"Odli\u010dni rezultati- Konkurs ,,Nau\u010diti \u017eivjeti zajedno&#8221;"},"content":{"rendered":"\n<p>U\u010denici \u0160kole dobitnici su nagrada za radove koji su pobijedili na konkursu srednjih \u0161kola organizovanom u okviru projekta ,, Nau\u010diti \u017eivjeti zajedno&#8221; ( \u0161k. 2020\/2021) koji je sprovela NVU Djeca Crne Gore pod pokroviteljstvom Ministarstva za ljudska i manjinska prava.<br>U\u010denica Diandra Ko\u010dan osvojila je II mjesto na literarnom konkursu, a mentor je bila prof. Sne\u017eana \u017divanovi\u0107.<br>U\u010denica Anee Lisa Labereuil osvojila je prvo mjesto na likovnom konkursu, a u\u010denica Linda Mehmedovi\u0107 III mjesto. Mentor je bio prof. Edin Kaplani.<\/p>\n","protected":false},"excerpt":{"rendered":"<p>U\u010denici \u0160kole dobitnici su nagrada za radove koji su pobijedili na konkursu srednjih \u0161kola organizovanom u okviru projekta ,, Nau\u010diti \u017eivjeti zajedno&#8221; ( \u0161k. 2020\/2021) koji je sprovela NVU Djeca Crne Gore pod pokroviteljstvom Ministarstva za ljudska i manjinska prava.U\u010denica Diandra Ko\u010dan osvojila je II mjesto na literarnom konkursu, a mentor je bila prof. Sne\u017eana [&hellip;]<\/p>\n","protected":false},"author":2,"featured_media":217,"comment_status":"open","ping_status":"open","sticky":false,"template":"","format":"standard","meta":{"pagelayer_contact_templates":[],"_pagelayer_content":"","footnotes":""},"categories":[6],"tags":[67,33,63,69,52,57,70,60,53,68],"class_list":["post-214","post","type-post","status-publish","format-standard","has-post-thumbnail","hentry","category-takmicenja-znanja","tag-anee-lisa-labereuil","tag-bratstvo-jedinstvo","tag-diandra-kocan-2","tag-edin-kapllani","tag-konkurs","tag-likovni-konkurs","tag-linda-mehmedovic","tag-literarni-konkurs","tag-nvu-djeca-crne-gore","tag-snezana-zivanovic-2"],"_links":{"self":[{"href":"https:\/\/highschool-ul.me\/mne\/wp-json\/wp\/v2\/posts\/214","targetHints":{"allow":["GET"]}}],"collection":[{"href":"https:\/\/highschool-ul.me\/mne\/wp-json\/wp\/v2\/posts"}],"about":[{"href":"https:\/\/highschool-ul.me\/mne\/wp-json\/wp\/v2\/types\/post"}],"author":[{"embeddable":true,"href":"https:\/\/highschool-ul.me\/mne\/wp-json\/wp\/v2\/users\/2"}],"replies":[{"embeddable":true,"href":"https:\/\/highschool-ul.me\/mne\/wp-json\/wp\/v2\/comments?post=214"}],"version-history":[{"count":3,"href":"https:\/\/highschool-ul.me\/mne\/wp-json\/wp\/v2\/posts\/214\/revisions"}],"predecessor-version":[{"id":227,"href":"https:\/\/highschool-ul.me\/mne\/wp-json\/wp\/v2\/posts\/214\/revisions\/227"}],"wp:featuredmedia":[{"embeddable":true,"href":"https:\/\/highschool-ul.me\/mne\/wp-json\/wp\/v2\/media\/217"}],"wp:attachment":[{"href":"https:\/\/highschool-ul.me\/mne\/wp-json\/wp\/v2\/media?parent=214"}],"wp:term":[{"taxonomy":"category","embeddable":true,"href":"https:\/\/highschool-ul.me\/mne\/wp-json\/wp\/v2\/categories?post=214"},{"taxonomy":"post_tag","embeddable":true,"href":"https:\/\/highschool-ul.me\/mne\/wp-json\/wp\/v2\/tags?post=214"}],"curies":[{"name":"wp","href":"https:\/\/api.w.org\/{rel}","templated":true}]}}