{"id":195,"date":"2021-03-05T13:24:00","date_gmt":"2021-03-05T13:24:00","guid":{"rendered":"https:\/\/highschool-ul.me\/mne\/?p=195"},"modified":"2021-04-20T13:34:03","modified_gmt":"2021-04-20T13:34:03","slug":"inauguracija-projekta-%f0%9d%97%a3%f0%9d%98%82%f0%9d%98%81%f0%9d%97%b2%f0%9d%98%83%f0%9d%97%b6-%f0%9d%97%bf%f0%9d%97%ae%f0%9d%98%87%f0%9d%98%83%f0%9d%97%bc%f0%9d%97%b7%f0%9d%97%ae","status":"publish","type":"post","link":"https:\/\/highschool-ul.me\/mne\/inauguracija-projekta-%f0%9d%97%a3%f0%9d%98%82%f0%9d%98%81%f0%9d%97%b2%f0%9d%98%83%f0%9d%97%b6-%f0%9d%97%bf%f0%9d%97%ae%f0%9d%98%87%f0%9d%98%83%f0%9d%97%bc%f0%9d%97%b7%f0%9d%97%ae\/","title":{"rendered":"Inauguracija projekta \u201e\ud835\udde3\ud835\ude02\ud835\ude01\ud835\uddf2\ud835\ude03\ud835\uddf6 \ud835\uddff\ud835\uddee\ud835\ude07\ud835\ude03\ud835\uddfc\ud835\uddf7\ud835\uddee \ud835\uddf8\ud835\uddee\ud835\uddff\ud835\uddf6\ud835\uddf7\ud835\uddf2\ud835\uddff\ud835\uddf2&#8221;"},"content":{"rendered":"\n<p>Inauguracija projekta \u201e\ud835\udde3\ud835\ude02\ud835\ude01\ud835\uddf2\ud835\ude03\ud835\uddf6 \ud835\uddff\ud835\uddee\ud835\ude07\ud835\ude03\ud835\uddfc\ud835\uddf7\ud835\uddee \ud835\uddf8\ud835\uddee\ud835\uddff\ud835\uddf6\ud835\uddf7\ud835\uddf2\ud835\uddff\ud835\uddf2: \ud835\udde3\ud835\uddff\ud835\uddf6\ud835\uddfd\ud835\uddff\ud835\uddf2\ud835\uddfa\ud835\uddee \ud835\uddfa\ud835\uddf9\ud835\uddee\ud835\uddf1\ud835\uddf6\ud835\uddf5 \ud835\uddf6\ud835\ude07 \ud835\uddd4\ud835\uddf9\ud835\uddef\ud835\uddee\ud835\uddfb\ud835\uddf6\ud835\uddf7\ud835\uddf2 \ud835\uddf6 \ud835\uddd6\ud835\uddff\ud835\uddfb\ud835\uddf2 \ud835\uddda\ud835\uddfc\ud835\uddff\ud835\uddf2 \ud835\ude07\ud835\uddee \ud835\uddfa\ud835\uddfc\ud835\uddf4\ud835\ude02\ud835\uddf0\u0301\ud835\uddfb\ud835\uddfc\ud835\ude00\ud835\ude01\ud835\uddf6 \ud835\uddff\ud835\uddee\ud835\ude07\ud835\ude03\ud835\uddfc\ud835\uddf7\ud835\uddee \ud835\uddf8\ud835\uddee\ud835\uddff\ud835\uddf6\ud835\uddf7\ud835\uddf2\ud835\uddff\ud835\uddf2 \ud835\ude02 \ud835\ude00\ud835\uddf2\ud835\uddf8\ud835\ude01\ud835\uddfc\ud835\uddff\ud835\ude02 \ud835\ude01\ud835\ude02\ud835\uddff\ud835\uddf6\ud835\ude07\ud835\uddfa\ud835\uddee\u201c.<br>Ovaj projekat finansira Evropska unija u Crnoj Gori u okviru IPA Cross-border Cooperation Programme Montenegro &#8211; Albania 2014-2020 kojim upravlja \ud835\udde0\ud835\uddf6\ud835\uddfb\ud835\uddf6\ud835\ude00\ud835\ude01\ud835\uddee\ud835\uddff\ud835\ude00\ud835\ude01\ud835\ude03\ud835\uddfc \ud835\uddf3\ud835\uddf6\ud835\uddfb\ud835\uddee\ud835\uddfb\ud835\ude00\ud835\uddf6\ud835\uddf7\ud835\uddee \ud835\uddf6 \ud835\ude00\ud835\uddfc\ud835\uddf0\ud835\uddf6\ud835\uddf7\ud835\uddee\ud835\uddf9\ud835\uddfb\ud835\uddfc\ud835\uddf4 \ud835\ude00\ud835\ude01\ud835\uddee\ud835\uddff\ud835\uddee\ud835\uddfb\ud835\uddf7\ud835\uddee \ud835\uddd6\ud835\uddff\ud835\uddfb\ud835\uddf2 \ud835\uddda\ud835\uddfc\ud835\uddff\ud835\uddf2 (\ud835\uddd6\ud835\uddd9\ud835\uddd6\ud835\udde8).<br>Projekat sprovodi organizacija World Vision in Albania and Kosovo u partnerstvu sa NVO New Horizont , kao i JUSM\u0160 &#8220;Bratstvo Jedinstvo &#8221; Ulcinj i srednja prefesionalna \u0161kola \u201cHamdi Bushati\u201d iz Skadra.<br>Cilj projekta je da mladima iz Ulcinja i Skadra omogu\u0107i razvijanje novih vje\u0161tina, pripremi ih za tr\u017ei\u0161te rada, uticati na ekonomski rast, te smanjiti socijalne probleme u njihovim zajednicama.<\/p>\n","protected":false},"excerpt":{"rendered":"<p>Inauguracija projekta \u201e\ud835\udde3\ud835\ude02\ud835\ude01\ud835\uddf2\ud835\ude03\ud835\uddf6 \ud835\uddff\ud835\uddee\ud835\ude07\ud835\ude03\ud835\uddfc\ud835\uddf7\ud835\uddee \ud835\uddf8\ud835\uddee\ud835\uddff\ud835\uddf6\ud835\uddf7\ud835\uddf2\ud835\uddff\ud835\uddf2: \ud835\udde3\ud835\uddff\ud835\uddf6\ud835\uddfd\ud835\uddff\ud835\uddf2\ud835\uddfa\ud835\uddee \ud835\uddfa\ud835\uddf9\ud835\uddee\ud835\uddf1\ud835\uddf6\ud835\uddf5 \ud835\uddf6\ud835\ude07 \ud835\uddd4\ud835\uddf9\ud835\uddef\ud835\uddee\ud835\uddfb\ud835\uddf6\ud835\uddf7\ud835\uddf2 \ud835\uddf6 \ud835\uddd6\ud835\uddff\ud835\uddfb\ud835\uddf2 \ud835\uddda\ud835\uddfc\ud835\uddff\ud835\uddf2 \ud835\ude07\ud835\uddee \ud835\uddfa\ud835\uddfc\ud835\uddf4\ud835\ude02\ud835\uddf0\u0301\ud835\uddfb\ud835\uddfc\ud835\ude00\ud835\ude01\ud835\uddf6 \ud835\uddff\ud835\uddee\ud835\ude07\ud835\ude03\ud835\uddfc\ud835\uddf7\ud835\uddee \ud835\uddf8\ud835\uddee\ud835\uddff\ud835\uddf6\ud835\uddf7\ud835\uddf2\ud835\uddff\ud835\uddf2 \ud835\ude02 \ud835\ude00\ud835\uddf2\ud835\uddf8\ud835\ude01\ud835\uddfc\ud835\uddff\ud835\ude02 \ud835\ude01\ud835\ude02\ud835\uddff\ud835\uddf6\ud835\ude07\ud835\uddfa\ud835\uddee\u201c.Ovaj projekat finansira Evropska unija u Crnoj Gori u okviru IPA Cross-border Cooperation Programme Montenegro &#8211; Albania 2014-2020 kojim upravlja \ud835\udde0\ud835\uddf6\ud835\uddfb\ud835\uddf6\ud835\ude00\ud835\ude01\ud835\uddee\ud835\uddff\ud835\ude00\ud835\ude01\ud835\ude03\ud835\uddfc \ud835\uddf3\ud835\uddf6\ud835\uddfb\ud835\uddee\ud835\uddfb\ud835\ude00\ud835\uddf6\ud835\uddf7\ud835\uddee \ud835\uddf6 \ud835\ude00\ud835\uddfc\ud835\uddf0\ud835\uddf6\ud835\uddf7\ud835\uddee\ud835\uddf9\ud835\uddfb\ud835\uddfc\ud835\uddf4 \ud835\ude00\ud835\ude01\ud835\uddee\ud835\uddff\ud835\uddee\ud835\uddfb\ud835\uddf7\ud835\uddee \ud835\uddd6\ud835\uddff\ud835\uddfb\ud835\uddf2 \ud835\uddda\ud835\uddfc\ud835\uddff\ud835\uddf2 (\ud835\uddd6\ud835\uddd9\ud835\uddd6\ud835\udde8).Projekat sprovodi organizacija World Vision in Albania and Kosovo u [&hellip;]<\/p>\n","protected":false},"author":2,"featured_media":197,"comment_status":"open","ping_status":"open","sticky":false,"template":"","format":"standard","meta":{"pagelayer_contact_templates":[],"_pagelayer_content":"","footnotes":""},"categories":[10],"tags":[],"class_list":["post-195","post","type-post","status-publish","format-standard","has-post-thumbnail","hentry","category-razne-aktivnosti"],"_links":{"self":[{"href":"https:\/\/highschool-ul.me\/mne\/wp-json\/wp\/v2\/posts\/195","targetHints":{"allow":["GET"]}}],"collection":[{"href":"https:\/\/highschool-ul.me\/mne\/wp-json\/wp\/v2\/posts"}],"about":[{"href":"https:\/\/highschool-ul.me\/mne\/wp-json\/wp\/v2\/types\/post"}],"author":[{"embeddable":true,"href":"https:\/\/highschool-ul.me\/mne\/wp-json\/wp\/v2\/users\/2"}],"replies":[{"embeddable":true,"href":"https:\/\/highschool-ul.me\/mne\/wp-json\/wp\/v2\/comments?post=195"}],"version-history":[{"count":1,"href":"https:\/\/highschool-ul.me\/mne\/wp-json\/wp\/v2\/posts\/195\/revisions"}],"predecessor-version":[{"id":202,"href":"https:\/\/highschool-ul.me\/mne\/wp-json\/wp\/v2\/posts\/195\/revisions\/202"}],"wp:featuredmedia":[{"embeddable":true,"href":"https:\/\/highschool-ul.me\/mne\/wp-json\/wp\/v2\/media\/197"}],"wp:attachment":[{"href":"https:\/\/highschool-ul.me\/mne\/wp-json\/wp\/v2\/media?parent=195"}],"wp:term":[{"taxonomy":"category","embeddable":true,"href":"https:\/\/highschool-ul.me\/mne\/wp-json\/wp\/v2\/categories?post=195"},{"taxonomy":"post_tag","embeddable":true,"href":"https:\/\/highschool-ul.me\/mne\/wp-json\/wp\/v2\/tags?post=195"}],"curies":[{"name":"wp","href":"https:\/\/api.w.org\/{rel}","templated":true}]}}