{"id":194,"date":"2020-04-08T13:24:00","date_gmt":"2020-04-08T13:24:00","guid":{"rendered":"https:\/\/highschool-ul.me\/mne\/?p=194"},"modified":"2021-04-20T13:55:43","modified_gmt":"2021-04-20T13:55:43","slug":"u-nasoj-skoli-obiljezen-medunarodni-dan-roma","status":"publish","type":"post","link":"https:\/\/highschool-ul.me\/mne\/u-nasoj-skoli-obiljezen-medunarodni-dan-roma\/","title":{"rendered":"U na\u0161oj \u0161koli obilje\u017een Me\u0111unarodni dan Roma"},"content":{"rendered":"\n<p>HAPPY INTERNATIONAL ROMA DAY<\/p>\n\n\n\n<p>Me\u0111unarodni dan Roma je proslava romske istorije, tradicije i kulture, kao i poziv na socijalnu inkluziju.<br>Ovaj dan tako\u0111e ima za cilj podizanje svjesti o izazovima sa kojima se suo\u010dava romska populacija \u0161irom svijeta.<br>Mi kao \u0161kola moramo neprekidno da se trudimo da romski u\u010denici budu ravnopravno uklju\u010deni u osnovno i srednje obrazovanje.<br>Na\u0161a srednja \u0161kola \u201eBratstvo &#8211; jedinstvo\u201c u saradnji sa osnovnom \u0161kolom \u201eMar\u0161al Tito\u201c na simboli\u010dan na\u010din obele\u017eavaju ovaj dan i svim pripadnicima romske populacije \u017eelje bolji socio-ekonomski razvoj i inkluziju u sve sfere \u017eivota. <\/p>\n","protected":false},"excerpt":{"rendered":"<p>HAPPY INTERNATIONAL ROMA DAY Me\u0111unarodni dan Roma je proslava romske istorije, tradicije i kulture, kao i poziv na socijalnu inkluziju.Ovaj dan tako\u0111e ima za cilj podizanje svjesti o izazovima sa kojima se suo\u010dava romska populacija \u0161irom svijeta.Mi kao \u0161kola moramo neprekidno da se trudimo da romski u\u010denici budu ravnopravno uklju\u010deni u osnovno i srednje obrazovanje.Na\u0161a [&hellip;]<\/p>\n","protected":false},"author":2,"featured_media":199,"comment_status":"open","ping_status":"open","sticky":false,"template":"","format":"standard","meta":{"pagelayer_contact_templates":[],"_pagelayer_content":"","footnotes":""},"categories":[10],"tags":[33,31,34],"class_list":["post-194","post","type-post","status-publish","format-standard","has-post-thumbnail","hentry","category-razne-aktivnosti","tag-bratstvo-jedinstvo","tag-dan-roma","tag-socijalna-inkluzija"],"_links":{"self":[{"href":"https:\/\/highschool-ul.me\/mne\/wp-json\/wp\/v2\/posts\/194","targetHints":{"allow":["GET"]}}],"collection":[{"href":"https:\/\/highschool-ul.me\/mne\/wp-json\/wp\/v2\/posts"}],"about":[{"href":"https:\/\/highschool-ul.me\/mne\/wp-json\/wp\/v2\/types\/post"}],"author":[{"embeddable":true,"href":"https:\/\/highschool-ul.me\/mne\/wp-json\/wp\/v2\/users\/2"}],"replies":[{"embeddable":true,"href":"https:\/\/highschool-ul.me\/mne\/wp-json\/wp\/v2\/comments?post=194"}],"version-history":[{"count":1,"href":"https:\/\/highschool-ul.me\/mne\/wp-json\/wp\/v2\/posts\/194\/revisions"}],"predecessor-version":[{"id":201,"href":"https:\/\/highschool-ul.me\/mne\/wp-json\/wp\/v2\/posts\/194\/revisions\/201"}],"wp:featuredmedia":[{"embeddable":true,"href":"https:\/\/highschool-ul.me\/mne\/wp-json\/wp\/v2\/media\/199"}],"wp:attachment":[{"href":"https:\/\/highschool-ul.me\/mne\/wp-json\/wp\/v2\/media?parent=194"}],"wp:term":[{"taxonomy":"category","embeddable":true,"href":"https:\/\/highschool-ul.me\/mne\/wp-json\/wp\/v2\/categories?post=194"},{"taxonomy":"post_tag","embeddable":true,"href":"https:\/\/highschool-ul.me\/mne\/wp-json\/wp\/v2\/tags?post=194"}],"curies":[{"name":"wp","href":"https:\/\/api.w.org\/{rel}","templated":true}]}}