{"id":193,"date":"2021-04-18T13:24:00","date_gmt":"2021-04-18T13:24:00","guid":{"rendered":"https:\/\/highschool-ul.me\/mne\/?p=193"},"modified":"2021-04-20T13:33:58","modified_gmt":"2021-04-20T13:33:58","slug":"noc-poezije-nase-skole","status":"publish","type":"post","link":"https:\/\/highschool-ul.me\/mne\/noc-poezije-nase-skole\/","title":{"rendered":"No\u0107 poezije na\u0161e \u0161kole"},"content":{"rendered":"\n<p>NA\u0160I U\u010cENICI BRILJIRALI SINO\u0106!<\/p>\n\n\n\n<p>Na\u0161i u\u010denici su sjajno interpretirali pjesme lokalnih autora u ve\u010deri koju je organizovao Centar za kulturu Ulcinj. U ovoj ve\u010deri poezije uz pratnju muzike,posve\u0107ene lokalnim autorima,nastupili su:<\/p>\n\n\n\n<p>Diandra Ko\u010dan<br>Arber Seferi<br>Edita Kova\u010devic\u0301<br>Anesa Veli\u0107<br>Sanja \u010cau\u0161evic\u0301<br>Endrit Seferi<br>Iva Minic\u0301<br>Kujtesa Kurti<br>Irena Sel\u010danin<br>An\u0111ela Nilovic\u0301<br>Amra Demiri<\/p>\n\n\n\n<p>Svaka \u010dast!<\/p>\n\n\n\n<p><\/p>\n","protected":false},"excerpt":{"rendered":"<p>NA\u0160I U\u010cENICI BRILJIRALI SINO\u0106! Na\u0161i u\u010denici su sjajno interpretirali pjesme lokalnih autora u ve\u010deri koju je organizovao Centar za kulturu Ulcinj. U ovoj ve\u010deri poezije uz pratnju muzike,posve\u0107ene lokalnim autorima,nastupili su: Diandra Ko\u010danArber SeferiEdita Kova\u010devic\u0301Anesa Veli\u0107Sanja \u010cau\u0161evic\u0301Endrit SeferiIva Minic\u0301Kujtesa KurtiIrena Sel\u010daninAn\u0111ela Nilovic\u0301Amra Demiri Svaka \u010dast!<\/p>\n","protected":false},"author":2,"featured_media":198,"comment_status":"open","ping_status":"open","sticky":false,"template":"","format":"standard","meta":{"pagelayer_contact_templates":[],"_pagelayer_content":"","footnotes":""},"categories":[10],"tags":[13,18,11,12,17,14],"class_list":["post-193","post","type-post","status-publish","format-standard","has-post-thumbnail","hentry","category-razne-aktivnosti","tag-gimnazija","tag-mladi","tag-noc","tag-poezija","tag-ucenici","tag-ulcinj"],"_links":{"self":[{"href":"https:\/\/highschool-ul.me\/mne\/wp-json\/wp\/v2\/posts\/193","targetHints":{"allow":["GET"]}}],"collection":[{"href":"https:\/\/highschool-ul.me\/mne\/wp-json\/wp\/v2\/posts"}],"about":[{"href":"https:\/\/highschool-ul.me\/mne\/wp-json\/wp\/v2\/types\/post"}],"author":[{"embeddable":true,"href":"https:\/\/highschool-ul.me\/mne\/wp-json\/wp\/v2\/users\/2"}],"replies":[{"embeddable":true,"href":"https:\/\/highschool-ul.me\/mne\/wp-json\/wp\/v2\/comments?post=193"}],"version-history":[{"count":1,"href":"https:\/\/highschool-ul.me\/mne\/wp-json\/wp\/v2\/posts\/193\/revisions"}],"predecessor-version":[{"id":200,"href":"https:\/\/highschool-ul.me\/mne\/wp-json\/wp\/v2\/posts\/193\/revisions\/200"}],"wp:featuredmedia":[{"embeddable":true,"href":"https:\/\/highschool-ul.me\/mne\/wp-json\/wp\/v2\/media\/198"}],"wp:attachment":[{"href":"https:\/\/highschool-ul.me\/mne\/wp-json\/wp\/v2\/media?parent=193"}],"wp:term":[{"taxonomy":"category","embeddable":true,"href":"https:\/\/highschool-ul.me\/mne\/wp-json\/wp\/v2\/categories?post=193"},{"taxonomy":"post_tag","embeddable":true,"href":"https:\/\/highschool-ul.me\/mne\/wp-json\/wp\/v2\/tags?post=193"}],"curies":[{"name":"wp","href":"https:\/\/api.w.org\/{rel}","templated":true}]}}