{"id":166,"date":"2021-04-19T16:29:34","date_gmt":"2021-04-19T16:29:34","guid":{"rendered":"https:\/\/highschool-ul.me\/mne\/?p=166"},"modified":"2021-04-20T13:36:21","modified_gmt":"2021-04-20T13:36:21","slug":"nasi-ucenici-su-snazan-glas-za-ekoloske-probleme-u-nasem-gradu","status":"publish","type":"post","link":"https:\/\/highschool-ul.me\/mne\/nasi-ucenici-su-snazan-glas-za-ekoloske-probleme-u-nasem-gradu\/","title":{"rendered":"Na\u0161i u\u010denici su sna\u017ean glas za ekolo\u0161ke probleme u na\u0161em gradu"},"content":{"rendered":"\n<p><img loading=\"lazy\" decoding=\"async\" height=\"16\" width=\"16\" alt=\"\ud83c\udfc6\" src=\"https:\/\/static.xx.fbcdn.net\/images\/emoji.php\/v9\/t17\/1.5\/16\/1f3c6.png\">Ka finalu! Na\u0161i u\u010denici su sna\u017ean glas za ekolo\u0161ke probleme u na\u0161em gradu. U takmi\u010denju \u201eMladi eko reporteri u Crnoj Gori\u201c u organizaciji NVO Ekom, u\u010destvovale su dvije grupe u\u010denika na\u0161e \u0161kole. U prvoj grupi u\u010destvovali su Haris Ko\u010dan, Edita Kova\u010devi\u0107 i Diandra Ko\u010dan, dok su u drugoj grupi u\u010destvovali u\u010denici Sanja \u010cau\u0161evi\u0107, Kristina Nreki\u0107 i Klaudija Luki\u0107, pod mentorstvom prof. Had\u017eere Gjenashi.Obje grupe su u\u010destvovale u kategoriji stvaranja trominutnog filma koji je imao za cilj rje\u0161avanje odre\u0111enog ekolo\u0161kog problema u gradu Ulcinju i podizanje svjesti gra\u0111ana.Jedan film se bavio pitanjem Port Milene, a drugi pitanjem zagadjenja prirode.Oba filma su se kvalifikovala za zavr\u0161nu fazu, gde je ukupno izabrano 10 od 24 radova.Izbor pobjedni\u010dkog filma objavi\u0107e se 22. aprila, na Dan planete Zemlje. Ponosni smo na njihov rad i optimisti\u010dni da \u0107e na\u0161i u\u010denici posti\u0107i uspjeh !!!<\/p>\n\n\n\n<figure class=\"wp-block-embed is-type-video is-provider-youtube wp-block-embed-youtube wp-embed-aspect-16-9 wp-has-aspect-ratio\"><div class=\"wp-block-embed__wrapper\">\n<iframe loading=\"lazy\" title=\"Zaboravljena knjeginja Jadrana\" width=\"500\" height=\"281\" src=\"https:\/\/www.youtube.com\/embed\/_N5MICUcjmY?feature=oembed\" frameborder=\"0\" allow=\"accelerometer; autoplay; clipboard-write; encrypted-media; gyroscope; picture-in-picture; web-share\" referrerpolicy=\"strict-origin-when-cross-origin\" allowfullscreen><\/iframe>\n<\/div><\/figure>\n\n\n\n<figure class=\"wp-block-embed is-type-video is-provider-youtube wp-block-embed-youtube wp-embed-aspect-16-9 wp-has-aspect-ratio\"><div class=\"wp-block-embed__wrapper\">\n<iframe loading=\"lazy\" title=\"Ka rje\u0161enju, a ne zaga\u0111enju!\" width=\"500\" height=\"281\" src=\"https:\/\/www.youtube.com\/embed\/TWPkWqacscc?feature=oembed\" frameborder=\"0\" allow=\"accelerometer; autoplay; clipboard-write; encrypted-media; gyroscope; picture-in-picture; web-share\" referrerpolicy=\"strict-origin-when-cross-origin\" allowfullscreen><\/iframe>\n<\/div><\/figure>\n","protected":false},"excerpt":{"rendered":"<p>Ka finalu! Na\u0161i u\u010denici su sna\u017ean glas za ekolo\u0161ke probleme u na\u0161em gradu. U takmi\u010denju \u201eMladi eko reporteri u Crnoj Gori\u201c u organizaciji NVO Ekom, u\u010destvovale su dvije grupe u\u010denika na\u0161e \u0161kole. U prvoj grupi u\u010destvovali su Haris Ko\u010dan, Edita Kova\u010devi\u0107 i Diandra Ko\u010dan, dok su u drugoj grupi u\u010destvovali u\u010denici Sanja \u010cau\u0161evi\u0107, Kristina Nreki\u0107 [&hellip;]<\/p>\n","protected":false},"author":2,"featured_media":168,"comment_status":"closed","ping_status":"open","sticky":false,"template":"","format":"standard","meta":{"pagelayer_contact_templates":[],"_pagelayer_content":"","footnotes":""},"categories":[10],"tags":[],"class_list":["post-166","post","type-post","status-publish","format-standard","has-post-thumbnail","hentry","category-razne-aktivnosti"],"_links":{"self":[{"href":"https:\/\/highschool-ul.me\/mne\/wp-json\/wp\/v2\/posts\/166","targetHints":{"allow":["GET"]}}],"collection":[{"href":"https:\/\/highschool-ul.me\/mne\/wp-json\/wp\/v2\/posts"}],"about":[{"href":"https:\/\/highschool-ul.me\/mne\/wp-json\/wp\/v2\/types\/post"}],"author":[{"embeddable":true,"href":"https:\/\/highschool-ul.me\/mne\/wp-json\/wp\/v2\/users\/2"}],"replies":[{"embeddable":true,"href":"https:\/\/highschool-ul.me\/mne\/wp-json\/wp\/v2\/comments?post=166"}],"version-history":[{"count":2,"href":"https:\/\/highschool-ul.me\/mne\/wp-json\/wp\/v2\/posts\/166\/revisions"}],"predecessor-version":[{"id":205,"href":"https:\/\/highschool-ul.me\/mne\/wp-json\/wp\/v2\/posts\/166\/revisions\/205"}],"wp:featuredmedia":[{"embeddable":true,"href":"https:\/\/highschool-ul.me\/mne\/wp-json\/wp\/v2\/media\/168"}],"wp:attachment":[{"href":"https:\/\/highschool-ul.me\/mne\/wp-json\/wp\/v2\/media?parent=166"}],"wp:term":[{"taxonomy":"category","embeddable":true,"href":"https:\/\/highschool-ul.me\/mne\/wp-json\/wp\/v2\/categories?post=166"},{"taxonomy":"post_tag","embeddable":true,"href":"https:\/\/highschool-ul.me\/mne\/wp-json\/wp\/v2\/tags?post=166"}],"curies":[{"name":"wp","href":"https:\/\/api.w.org\/{rel}","templated":true}]}}