{"id":150,"date":"2021-04-13T13:59:48","date_gmt":"2021-04-13T13:59:48","guid":{"rendered":"https:\/\/highschool-ul.me\/mne\/?p=150"},"modified":"2021-05-24T11:32:59","modified_gmt":"2021-05-24T11:32:59","slug":"najbolji-ucenici-2021-godine","status":"publish","type":"post","link":"https:\/\/highschool-ul.me\/mne\/najbolji-ucenici-2021-godine\/","title":{"rendered":"Najbolji ucenici 2021 godine"},"content":{"rendered":"\n<div class=\"wp-block-image\"><figure class=\"aligncenter size-large\"><img loading=\"lazy\" decoding=\"async\" width=\"720\" height=\"489\" src=\"https:\/\/highschool-ul.me\/mne\/wp-content\/uploads\/2021\/04\/Najbolji-ucenici-skole-ulcinj-2021.jpg\" alt=\"\" class=\"wp-image-151\" srcset=\"https:\/\/highschool-ul.me\/mne\/wp-content\/uploads\/2021\/04\/Najbolji-ucenici-skole-ulcinj-2021.jpg 720w, https:\/\/highschool-ul.me\/mne\/wp-content\/uploads\/2021\/04\/Najbolji-ucenici-skole-ulcinj-2021-300x204.jpg 300w\" sizes=\"auto, (max-width: 720px) 100vw, 720px\" \/><\/figure><\/div>\n\n\n\n<p>Danas je u na\u0161oj \u0161koli sve\u010dano prire\u0111ena dodjela nagrada najboljim u\u010denicima \u0161kole i onim koji su u\u010destvovali na dr\u017eavnim takmi\u010denjima. Tim povodom , direktorica \u0161kole Ardita Kova\u010devi\u0107 je \u010destitala u\u010denicima obra\u0107aju\u0107i im se rije\u010dima: \u201cVi niste samo blago svojih porodica, vi ste i na\u0161e blago i blago na\u0161ega dru\u0161tva. Mi se sa vama ponosimo!\u201d,i po\u017eeljela im jo\u0161 puno uspjeha u daljnem toku \u0161kolovanja.<br>Nagradjeni u\u010denici za uspjeh su:<br>Za prvu godinu: Damjan Mili\u0107 I-1 i Amina Dervi\u0161i, odeljenje l-2.<br>Za drugu godinu: Diandra Ko\u010dan II-1 i Arisa Dervi\u0161i, odeljenje ll-4.<br>Za tre\u0107u godinu: Kristina Aleksi\u0107 i Aleksandra Pepdjonovi\u0107 III -1 i Edona Kraja, odeljenje lll-4.<br>Za \u010detvrtu godinu: Rita Nikprelevi\u0107 IV-1 i Irdin Ramu\u0161evi\u0107 odeljenje IV-2. Za najboljeg u\u010denika stru\u010dnih \u0161kola progla\u0161ena je u\u010denica Blerida Seferovi\u0107., odeljenje IV-9.<br>Za najaktivnijeg \u010ditaoca \u0161kolske biblioteke progla\u0161ena je u\u010denica Rejhana Kraja odeljenje IV-4 .<br>Za naboljeg u\u010denika \u0161kole progla\u0161ena je Adelina Musli\u0107, iz odeljenja IV -1<br>Nagra\u0111eni u\u010denici za uspjeh na takmi\u010denjima su:<br>Arisa Dervi\u0161i, prvo mjesto na takmi\u010denju za njema\u010dki jezik(prve i druge godine)<br>Amina Dervishi, drugo mjesto na takmi\u010denju za njema\u010dki jezik( tre\u0107e i \u010detvrte godine)<br>Fatjona Lajkiq, prvo mjesto na takmi\u010denju za njema\u010dki jezik ( tre\u0107e i \u010detvrte godine).<br>U\u010denici su nagra\u0111eni sa po jednom knjigom i sa simboli\u010dnim sumama novca.<\/p>\n","protected":false},"excerpt":{"rendered":"<p>Danas je u na\u0161oj \u0161koli sve\u010dano prire\u0111ena dodjela nagrada najboljim u\u010denicima \u0161kole i onim koji su u\u010destvovali na dr\u017eavnim takmi\u010denjima. Tim povodom , direktorica \u0161kole Ardita Kova\u010devi\u0107 je \u010destitala u\u010denicima obra\u0107aju\u0107i im se rije\u010dima: \u201cVi niste samo blago svojih porodica, vi ste i na\u0161e blago i blago na\u0161ega dru\u0161tva. Mi se sa vama ponosimo!\u201d,i po\u017eeljela [&hellip;]<\/p>\n","protected":false},"author":1,"featured_media":0,"comment_status":"closed","ping_status":"open","sticky":false,"template":"","format":"standard","meta":{"pagelayer_contact_templates":[],"_pagelayer_content":"","footnotes":""},"categories":[3,4],"tags":[],"class_list":["post-150","post","type-post","status-publish","format-standard","hentry","category-dan-skole","category-najbolji-ucenici"],"_links":{"self":[{"href":"https:\/\/highschool-ul.me\/mne\/wp-json\/wp\/v2\/posts\/150","targetHints":{"allow":["GET"]}}],"collection":[{"href":"https:\/\/highschool-ul.me\/mne\/wp-json\/wp\/v2\/posts"}],"about":[{"href":"https:\/\/highschool-ul.me\/mne\/wp-json\/wp\/v2\/types\/post"}],"author":[{"embeddable":true,"href":"https:\/\/highschool-ul.me\/mne\/wp-json\/wp\/v2\/users\/1"}],"replies":[{"embeddable":true,"href":"https:\/\/highschool-ul.me\/mne\/wp-json\/wp\/v2\/comments?post=150"}],"version-history":[{"count":1,"href":"https:\/\/highschool-ul.me\/mne\/wp-json\/wp\/v2\/posts\/150\/revisions"}],"predecessor-version":[{"id":152,"href":"https:\/\/highschool-ul.me\/mne\/wp-json\/wp\/v2\/posts\/150\/revisions\/152"}],"wp:attachment":[{"href":"https:\/\/highschool-ul.me\/mne\/wp-json\/wp\/v2\/media?parent=150"}],"wp:term":[{"taxonomy":"category","embeddable":true,"href":"https:\/\/highschool-ul.me\/mne\/wp-json\/wp\/v2\/categories?post=150"},{"taxonomy":"post_tag","embeddable":true,"href":"https:\/\/highschool-ul.me\/mne\/wp-json\/wp\/v2\/tags?post=150"}],"curies":[{"name":"wp","href":"https:\/\/api.w.org\/{rel}","templated":true}]}}