{"id":813,"date":"2025-03-21T19:54:38","date_gmt":"2025-03-21T19:54:38","guid":{"rendered":"https:\/\/highschool-ul.me\/alb\/?p=813"},"modified":"2025-11-12T19:56:17","modified_gmt":"2025-11-12T19:56:17","slug":"kujtime-shkollore-kenga-kushtuar-shkolles-ne-60-vjetorin-e-saj","status":"publish","type":"post","link":"https:\/\/highschool-ul.me\/alb\/kujtime-shkollore-kenga-kushtuar-shkolles-ne-60-vjetorin-e-saj\/","title":{"rendered":"&#8220;Kujtime shkollore &#8221; k\u00ebnga kushtuar shkoll\u00ebs, n\u00eb 60 vjetorin e saj."},"content":{"rendered":"\n<p>Tekst : Suela Dibra Kaca, Aldijana Adrovi\u0107<\/p>\n\n\n\n<p>Muzika : Blendi Maxharri<\/p>\n\n\n\n<p>Orkestrimi : Ardian Hasanaga<\/p>\n\n\n\n<p>Video spoti : Allmi Suka<\/p>\n\n\n\n<p>E interpretojne: Vanesa Smajlaj, Mirjana Marnikovi\u0107 , Aksa Resulbegu, Danilo Kuzman dhe kori i shkoll\u00ebs<\/p>\n\n\n\n<p>Kjo k\u00ebng\u00eb \u00ebsht\u00eb nj\u00eb himn i dashuris\u00eb p\u00ebr shkoll\u00ebn, nj\u00eb p\u00ebrmbledhje e emocioneve q\u00eb p\u00ebrjeton \u00e7do nx\u00ebn\u00ebs \u2013 nga dita e par\u00eb e deri te momentet e fundit n\u00eb bankat shkollore. Ajo flet p\u00ebr miq\u00ebsin\u00eb, dijen, \u00ebndrrat dhe p\u00ebrkushtimin. Me vargjet e saj t\u00eb ndjera dhe melodin\u00eb q\u00eb prek zemr\u00ebn, k\u00ebnga simbolizon unitetin, respektin p\u00ebr shum\u00ebllojshm\u00ebrin\u00eb dhe bashk\u00ebjetes\u00ebn q\u00eb e karakterizon shkoll\u00ebn ton\u00eb.<\/p>\n\n\n\n<figure class=\"wp-block-embed is-type-video is-provider-youtube wp-block-embed-youtube wp-embed-aspect-16-9 wp-has-aspect-ratio\"><div class=\"wp-block-embed__wrapper\">\n<iframe title=\"Kujtime shkollore - \u0160kolske uspomene\" width=\"500\" height=\"281\" src=\"https:\/\/www.youtube.com\/embed\/JlmktZWRupQ?feature=oembed\" frameborder=\"0\" allow=\"accelerometer; autoplay; clipboard-write; encrypted-media; gyroscope; picture-in-picture; web-share\" referrerpolicy=\"strict-origin-when-cross-origin\" allowfullscreen><\/iframe>\n<\/div><\/figure>\n","protected":false},"excerpt":{"rendered":"<p>Tekst : Suela Dibra Kaca, Aldijana Adrovi\u0107 Muzika : Blendi Maxharri Orkestrimi : Ardian Hasanaga Video spoti : Allmi Suka E interpretojne: Vanesa Smajlaj, Mirjana Marnikovi\u0107 , Aksa Resulbegu, Danilo Kuzman dhe kori i shkoll\u00ebs Kjo k\u00ebng\u00eb \u00ebsht\u00eb nj\u00eb himn i dashuris\u00eb p\u00ebr shkoll\u00ebn, nj\u00eb p\u00ebrmbledhje e emocioneve q\u00eb p\u00ebrjeton \u00e7do nx\u00ebn\u00ebs \u2013 nga dita [&hellip;]<\/p>\n","protected":false},"author":1,"featured_media":814,"comment_status":"open","ping_status":"open","sticky":false,"template":"","format":"standard","meta":{"pagelayer_contact_templates":[],"_pagelayer_content":"","footnotes":""},"categories":[1],"tags":[],"class_list":["post-813","post","type-post","status-publish","format-standard","has-post-thumbnail","hentry","category-uncategorized"],"_links":{"self":[{"href":"https:\/\/highschool-ul.me\/alb\/wp-json\/wp\/v2\/posts\/813","targetHints":{"allow":["GET"]}}],"collection":[{"href":"https:\/\/highschool-ul.me\/alb\/wp-json\/wp\/v2\/posts"}],"about":[{"href":"https:\/\/highschool-ul.me\/alb\/wp-json\/wp\/v2\/types\/post"}],"author":[{"embeddable":true,"href":"https:\/\/highschool-ul.me\/alb\/wp-json\/wp\/v2\/users\/1"}],"replies":[{"embeddable":true,"href":"https:\/\/highschool-ul.me\/alb\/wp-json\/wp\/v2\/comments?post=813"}],"version-history":[{"count":2,"href":"https:\/\/highschool-ul.me\/alb\/wp-json\/wp\/v2\/posts\/813\/revisions"}],"predecessor-version":[{"id":816,"href":"https:\/\/highschool-ul.me\/alb\/wp-json\/wp\/v2\/posts\/813\/revisions\/816"}],"wp:featuredmedia":[{"embeddable":true,"href":"https:\/\/highschool-ul.me\/alb\/wp-json\/wp\/v2\/media\/814"}],"wp:attachment":[{"href":"https:\/\/highschool-ul.me\/alb\/wp-json\/wp\/v2\/media?parent=813"}],"wp:term":[{"taxonomy":"category","embeddable":true,"href":"https:\/\/highschool-ul.me\/alb\/wp-json\/wp\/v2\/categories?post=813"},{"taxonomy":"post_tag","embeddable":true,"href":"https:\/\/highschool-ul.me\/alb\/wp-json\/wp\/v2\/tags?post=813"}],"curies":[{"name":"wp","href":"https:\/\/api.w.org\/{rel}","templated":true}]}}