{"id":668,"date":"2024-04-09T10:30:17","date_gmt":"2024-04-09T10:30:17","guid":{"rendered":"https:\/\/highschool-ul.me\/alb\/?p=668"},"modified":"2024-06-04T10:33:37","modified_gmt":"2024-06-04T10:33:37","slug":"urime-diten-internacionale-te-romeve","status":"publish","type":"post","link":"https:\/\/highschool-ul.me\/alb\/urime-diten-internacionale-te-romeve\/","title":{"rendered":"Urime dit\u00ebn internacionale t\u00eb Rom\u00ebve"},"content":{"rendered":"\n\n<div class=\"fb-video\" data-href=\"https:\/\/www.facebook.com\/watch\/?v=1082949883005536\" data-width=\"500\" data-show-text=\"false\"><blockquote cite=\"https:\/\/www.facebook.com\/100057518355262\/videos\/1082949883005536\/\" class=\"fb-xfbml-parse-ignore\"><a href=\"https:\/\/www.facebook.com\/100057518355262\/videos\/1082949883005536\/\"><\/a><p>HAPPY INTERNATIONAL ROMA DAY!\nSot  Rom\u00ebt n\u00eb mbar\u00eb bot\u00ebn festojn\u00eb Dit\u00ebn nd\u00ebrkomb\u00ebtare te rom\u00ebve &#8211; festa m\u00eb e madhe,  m\u00eb e lumtur dhe m\u00eb e vjet\u00ebr. Me k\u00eat\u00eb rast, nx\u00ebn\u00ebsve dhe miq\u00ebve t\u00eb shkoll\u00ebs son\u00eb t\u00eb nacionalitet rom d\u00ebrgojm\u00eb urimet m\u00eb t\u00eb sinqerta me rastin e fest\u00ebs s\u00eb tyre.\n<\/p>Posted by <a href=\"https:\/\/www.facebook.com\/people\/JUSM%C5%A0-Bratstvo-jedinstvo-Ulcinj-IPSHMKV%C3%ABllaz%C3%ABrim-bashkim-Ulqin\/100057518355262\/\">JUSM\u0160  &quot;Bratstvo-jedinstvo &quot; Ulcinj  IPSHMK&quot;V\u00ebllaz\u00ebrim-bashkim&quot; Ulqin<\/a> on Monday, April 8, 2024<\/blockquote><\/div>\n\n\n\n<p><\/p>\n\n<figure class=\"wp-block-video\"><video height=\"272\" style=\"aspect-ratio: 480 \/ 272;\" width=\"480\" controls src=\"https:\/\/highschool-ul.me\/alb\/wp-content\/uploads\/2024\/04\/435432547_436823315414599_8047566406151484259_n.mp4\"><\/video><\/figure>\n\n\n","protected":false},"excerpt":{"rendered":"<p>HAPPY INTERNATIONAL ROMA DAY! Sot Rom\u00ebt n\u00eb mbar\u00eb bot\u00ebn festojn\u00eb Dit\u00ebn nd\u00ebrkomb\u00ebtare te rom\u00ebve &#8211; festa m\u00eb e madhe, m\u00eb e lumtur dhe m\u00eb e vjet\u00ebr. Me k\u00eat\u00eb rast, nx\u00ebn\u00ebsve dhe miq\u00ebve t\u00eb shkoll\u00ebs son\u00eb t\u00eb nacionalitet rom d\u00ebrgojm\u00eb urimet m\u00eb t\u00eb sinqerta me rastin e fest\u00ebs s\u00eb tyre. Posted by JUSM\u0160 &quot;Bratstvo-jedinstvo &quot; Ulcinj [&hellip;]<\/p>\n","protected":false},"author":3,"featured_media":792,"comment_status":"closed","ping_status":"closed","sticky":false,"template":"","format":"standard","meta":{"pagelayer_contact_templates":[],"_pagelayer_content":"","footnotes":""},"categories":[1],"tags":[],"class_list":["post-668","post","type-post","status-publish","format-standard","has-post-thumbnail","hentry","category-uncategorized"],"_links":{"self":[{"href":"https:\/\/highschool-ul.me\/alb\/wp-json\/wp\/v2\/posts\/668","targetHints":{"allow":["GET"]}}],"collection":[{"href":"https:\/\/highschool-ul.me\/alb\/wp-json\/wp\/v2\/posts"}],"about":[{"href":"https:\/\/highschool-ul.me\/alb\/wp-json\/wp\/v2\/types\/post"}],"author":[{"embeddable":true,"href":"https:\/\/highschool-ul.me\/alb\/wp-json\/wp\/v2\/users\/3"}],"replies":[{"embeddable":true,"href":"https:\/\/highschool-ul.me\/alb\/wp-json\/wp\/v2\/comments?post=668"}],"version-history":[{"count":13,"href":"https:\/\/highschool-ul.me\/alb\/wp-json\/wp\/v2\/posts\/668\/revisions"}],"predecessor-version":[{"id":793,"href":"https:\/\/highschool-ul.me\/alb\/wp-json\/wp\/v2\/posts\/668\/revisions\/793"}],"wp:featuredmedia":[{"embeddable":true,"href":"https:\/\/highschool-ul.me\/alb\/wp-json\/wp\/v2\/media\/792"}],"wp:attachment":[{"href":"https:\/\/highschool-ul.me\/alb\/wp-json\/wp\/v2\/media?parent=668"}],"wp:term":[{"taxonomy":"category","embeddable":true,"href":"https:\/\/highschool-ul.me\/alb\/wp-json\/wp\/v2\/categories?post=668"},{"taxonomy":"post_tag","embeddable":true,"href":"https:\/\/highschool-ul.me\/alb\/wp-json\/wp\/v2\/tags?post=668"}],"curies":[{"name":"wp","href":"https:\/\/api.w.org\/{rel}","templated":true}]}}