{"id":586,"date":"2024-03-26T11:20:06","date_gmt":"2024-03-26T11:20:06","guid":{"rendered":"https:\/\/highschool-ul.me\/alb\/?p=586"},"modified":"2025-11-12T19:52:30","modified_gmt":"2025-11-12T19:52:30","slug":"te-finalizohet-projekti-kendi-i-gjelber","status":"publish","type":"post","link":"https:\/\/highschool-ul.me\/alb\/te-finalizohet-projekti-kendi-i-gjelber\/","title":{"rendered":"Finalizohet projekti &#8220;K\u00ebndi i gjelb\u00ebr&#8221;"},"content":{"rendered":"\n<p>Dita e shkoll\u00ebs son\u00eb filloi m\u00ebngjesin e dates 21 mars me finalizimin e projektit \u201cK\u00ebndi i gjelb\u00ebr\u201d, projekt ky i mb\u00ebshtetur nga Komuna e Ulqinit .<br>Me k\u00ebt\u00eb rast kryetari i Komun\u00ebs Omer Bajraktari dhe bashk\u00ebpuntor\u00ebt vizituan shkoll\u00ebn dhe hapen k\u00ebt\u00eb ambient t\u00eb ri t\u00eb shkoll\u00ebs son\u00eb.<br>Ul\u00ebsja si dhe tavolinat n\u00eb k\u00ebt\u00eb k\u00ebnd jan\u00eb t\u00eb nd\u00ebrtuara nga plastikat e ricikluara dhe nd\u00ebrgjegj\u00ebson nx\u00ebn\u00ebsat p\u00ebr r\u00ebnd\u00ebsin\u00eb e madhe t\u00eb mbrojtjes s\u00eb mjedisit, p\u00ebrdorimit t\u00eb alternativave ekologjike si dhe t\u00eb mendojn\u00eb dhe t\u00eb veprojn\u00eb n\u00eb m\u00ebnyr\u00eb t\u00eb \u201cgjelb\u00ebrt\u201d.<\/p>\n\n\n\n<p><\/p>\n\n\n\n<p><\/p>\n\n\n\n<figure class=\"wp-block-image size-full\"><img fetchpriority=\"high\" decoding=\"async\" width=\"800\" height=\"600\" src=\"https:\/\/highschool-ul.me\/alb\/wp-content\/uploads\/2024\/03\/te-realizohet-projekti-kendi-i-gjelber-1.jpg\" alt=\"\" class=\"wp-image-589\" srcset=\"https:\/\/highschool-ul.me\/alb\/wp-content\/uploads\/2024\/03\/te-realizohet-projekti-kendi-i-gjelber-1.jpg 800w, https:\/\/highschool-ul.me\/alb\/wp-content\/uploads\/2024\/03\/te-realizohet-projekti-kendi-i-gjelber-1-300x225.jpg 300w, https:\/\/highschool-ul.me\/alb\/wp-content\/uploads\/2024\/03\/te-realizohet-projekti-kendi-i-gjelber-1-768x576.jpg 768w\" sizes=\"(max-width: 800px) 100vw, 800px\" \/><\/figure>\n","protected":false},"excerpt":{"rendered":"<p>Dita e shkoll\u00ebs son\u00eb filloi m\u00ebngjesin e dates 21 mars me finalizimin e projektit \u201cK\u00ebndi i gjelb\u00ebr\u201d, projekt ky i mb\u00ebshtetur nga Komuna e Ulqinit .Me k\u00ebt\u00eb rast kryetari i Komun\u00ebs Omer Bajraktari dhe bashk\u00ebpuntor\u00ebt vizituan shkoll\u00ebn dhe hapen k\u00ebt\u00eb ambient t\u00eb ri t\u00eb shkoll\u00ebs son\u00eb.Ul\u00ebsja si dhe tavolinat n\u00eb k\u00ebt\u00eb k\u00ebnd jan\u00eb t\u00eb nd\u00ebrtuara [&hellip;]<\/p>\n","protected":false},"author":3,"featured_media":589,"comment_status":"open","ping_status":"open","sticky":false,"template":"","format":"standard","meta":{"pagelayer_contact_templates":[],"_pagelayer_content":"","footnotes":""},"categories":[13,1],"tags":[],"class_list":["post-586","post","type-post","status-publish","format-standard","has-post-thumbnail","hentry","category-aktivitete-te-ndryshme","category-uncategorized"],"_links":{"self":[{"href":"https:\/\/highschool-ul.me\/alb\/wp-json\/wp\/v2\/posts\/586","targetHints":{"allow":["GET"]}}],"collection":[{"href":"https:\/\/highschool-ul.me\/alb\/wp-json\/wp\/v2\/posts"}],"about":[{"href":"https:\/\/highschool-ul.me\/alb\/wp-json\/wp\/v2\/types\/post"}],"author":[{"embeddable":true,"href":"https:\/\/highschool-ul.me\/alb\/wp-json\/wp\/v2\/users\/3"}],"replies":[{"embeddable":true,"href":"https:\/\/highschool-ul.me\/alb\/wp-json\/wp\/v2\/comments?post=586"}],"version-history":[{"count":7,"href":"https:\/\/highschool-ul.me\/alb\/wp-json\/wp\/v2\/posts\/586\/revisions"}],"predecessor-version":[{"id":812,"href":"https:\/\/highschool-ul.me\/alb\/wp-json\/wp\/v2\/posts\/586\/revisions\/812"}],"wp:featuredmedia":[{"embeddable":true,"href":"https:\/\/highschool-ul.me\/alb\/wp-json\/wp\/v2\/media\/589"}],"wp:attachment":[{"href":"https:\/\/highschool-ul.me\/alb\/wp-json\/wp\/v2\/media?parent=586"}],"wp:term":[{"taxonomy":"category","embeddable":true,"href":"https:\/\/highschool-ul.me\/alb\/wp-json\/wp\/v2\/categories?post=586"},{"taxonomy":"post_tag","embeddable":true,"href":"https:\/\/highschool-ul.me\/alb\/wp-json\/wp\/v2\/tags?post=586"}],"curies":[{"name":"wp","href":"https:\/\/api.w.org\/{rel}","templated":true}]}}