{"id":515,"date":"2024-02-14T07:53:35","date_gmt":"2024-02-14T07:53:35","guid":{"rendered":"https:\/\/highschool-ul.me\/alb\/?p=515"},"modified":"2024-02-21T06:51:09","modified_gmt":"2024-02-21T06:51:09","slug":"nje-delegacion-i-drejtorise-se-popujve-pakice-viziton-shkollen-tone","status":"publish","type":"post","link":"https:\/\/highschool-ul.me\/alb\/nje-delegacion-i-drejtorise-se-popujve-pakice-viziton-shkollen-tone\/","title":{"rendered":"Nje delegacion i Drejtorise se popujve pakice viziton shkollen tone"},"content":{"rendered":"\n<p>Me 15 janar te ketij viti drejtoresha gjenerale e Drejtoris\u00eb p\u00ebr arsimim t\u00eb popujve pakic\u00eb dhe bashk\u00ebsive nacionale Albana Dedvukaj dhe bashk\u00ebpuntor\u00ebt Rrok Gjolaj dhe Martin Prenko\u00e7aj vizituan  shkoll\u00ebn ton\u00eb. Ata u prit\u00ebn nga drejtoresha Ardita Kova\u00e7eviq dhe bashk\u00ebpuntor\u00ebt Muzafer Gjoni, Kujtim Sukaliq, Ahmet Markashi dhe kryetarja e Keshillit t\u00eb prind\u00ebrve Ardita Rama.<br>N\u00eb takim u fol p\u00ebr aktivitetet e shumta t\u00eb shkoll\u00ebs n\u00eb periudh\u00ebn e fundit dhe nevojat aktuale q\u00eb shkolla ka e q\u00eb kryesisht \u00ebsht\u00eb ajo e zgjerimit t\u00eb saj sip\u00ebrfaq\u00ebsor.<br>Drejtoresha Dedvukaj foli p\u00ebr disa iniciativa q\u00eb ka nd\u00ebrmarr\u00eb kjo drejtori, e q\u00eb hap i par\u00eb \u00ebsht\u00eb dhurimi i 1000 librave p\u00ebr nx\u00ebn\u00ebsit e shkoll\u00ebs son\u00eb, si rezultat i bashk\u00ebpunimit me Rotary Clubin e Durr\u00ebsit.<br>Drejtoresh\u00ebn Dedvukaj dhe bashk\u00ebpuntoret i falenderojm\u00eb p\u00ebrzem\u00ebrsisht, duke uruar bashk\u00ebpunim dhe projekte t\u00eb sukseshme me shkoll\u00ebn ton\u00eb.<\/p>\n","protected":false},"excerpt":{"rendered":"<p>Me 15 janar te ketij viti drejtoresha gjenerale e Drejtoris\u00eb p\u00ebr arsimim t\u00eb popujve pakic\u00eb dhe bashk\u00ebsive nacionale Albana Dedvukaj dhe bashk\u00ebpuntor\u00ebt Rrok Gjolaj dhe Martin Prenko\u00e7aj vizituan shkoll\u00ebn ton\u00eb. Ata u prit\u00ebn nga drejtoresha Ardita Kova\u00e7eviq dhe bashk\u00ebpuntor\u00ebt Muzafer Gjoni, Kujtim Sukaliq, Ahmet Markashi dhe kryetarja e Keshillit t\u00eb prind\u00ebrve Ardita Rama.N\u00eb takim u [&hellip;]<\/p>\n","protected":false},"author":3,"featured_media":518,"comment_status":"open","ping_status":"open","sticky":false,"template":"","format":"standard","meta":{"pagelayer_contact_templates":[],"_pagelayer_content":"","footnotes":""},"categories":[13],"tags":[],"class_list":["post-515","post","type-post","status-publish","format-standard","has-post-thumbnail","hentry","category-aktivitete-te-ndryshme"],"_links":{"self":[{"href":"https:\/\/highschool-ul.me\/alb\/wp-json\/wp\/v2\/posts\/515","targetHints":{"allow":["GET"]}}],"collection":[{"href":"https:\/\/highschool-ul.me\/alb\/wp-json\/wp\/v2\/posts"}],"about":[{"href":"https:\/\/highschool-ul.me\/alb\/wp-json\/wp\/v2\/types\/post"}],"author":[{"embeddable":true,"href":"https:\/\/highschool-ul.me\/alb\/wp-json\/wp\/v2\/users\/3"}],"replies":[{"embeddable":true,"href":"https:\/\/highschool-ul.me\/alb\/wp-json\/wp\/v2\/comments?post=515"}],"version-history":[{"count":3,"href":"https:\/\/highschool-ul.me\/alb\/wp-json\/wp\/v2\/posts\/515\/revisions"}],"predecessor-version":[{"id":543,"href":"https:\/\/highschool-ul.me\/alb\/wp-json\/wp\/v2\/posts\/515\/revisions\/543"}],"wp:featuredmedia":[{"embeddable":true,"href":"https:\/\/highschool-ul.me\/alb\/wp-json\/wp\/v2\/media\/518"}],"wp:attachment":[{"href":"https:\/\/highschool-ul.me\/alb\/wp-json\/wp\/v2\/media?parent=515"}],"wp:term":[{"taxonomy":"category","embeddable":true,"href":"https:\/\/highschool-ul.me\/alb\/wp-json\/wp\/v2\/categories?post=515"},{"taxonomy":"post_tag","embeddable":true,"href":"https:\/\/highschool-ul.me\/alb\/wp-json\/wp\/v2\/tags?post=515"}],"curies":[{"name":"wp","href":"https:\/\/api.w.org\/{rel}","templated":true}]}}