{"id":362,"date":"2021-05-20T13:41:58","date_gmt":"2021-05-20T13:41:58","guid":{"rendered":"https:\/\/highschool-ul.me\/alb\/?p=362"},"modified":"2021-05-20T13:41:58","modified_gmt":"2021-05-20T13:41:58","slug":"vizite-e-cmuar","status":"publish","type":"post","link":"https:\/\/highschool-ul.me\/alb\/vizite-e-cmuar\/","title":{"rendered":"Vizit\u00eb e \u00e7muar"},"content":{"rendered":"\n<p><\/p>\n\n\n\n<p>P\u00cbRFAQ\u00cbSUESET E \u00c7ERDHES SOLIDARITETI P\u00cbR VIZIT\u00cb N\u00cb SHKOLL\u00cbN TON\u00cb<\/p>\n\n\n\n<p>P\u00ebrfaq\u00ebsueset e institucionit \u00e7erdhes Solidarnost Nela Miloviq, Miranda Maniq,Esma Hasiq dhe Angjela Gjukiq vizituan shkoll\u00ebn ton\u00eb dhe me at\u00eb rast maturant\u00ebve u \u00ebsht\u00eb prezantuar organizimi i pun\u00ebs n\u00eb programin e Studimit p\u00ebr Edukimin Parashkollor\u00eb t\u00eb Fakultetit Filozofik n\u00eb Nikshiq, me q\u00ebllim q\u00eb t\u00eb stimulohen t\u00eb rinjt\u00eb t\u00eb zgjedhin profesionin p\u00ebr edukimin parashkollor\u00eb. &#8220;Ne fal\u00ebnderojm\u00eb shum\u00eb drejtoresh\u00ebn Ardita Kova\u00e7eviq p\u00ebr bashk\u00ebpunim dhe shpresojm\u00eb n\u00eb forcimin e marr\u00ebdh\u00ebnieve ekzistuese midis institucioneve tona&#8221;, shprehen ato.<\/p>\n","protected":false},"excerpt":{"rendered":"<p>P\u00cbRFAQ\u00cbSUESET E \u00c7ERDHES SOLIDARITETI P\u00cbR VIZIT\u00cb N\u00cb SHKOLL\u00cbN TON\u00cb P\u00ebrfaq\u00ebsueset e institucionit \u00e7erdhes Solidarnost Nela Miloviq, Miranda Maniq,Esma Hasiq dhe Angjela Gjukiq vizituan shkoll\u00ebn ton\u00eb dhe me at\u00eb rast maturant\u00ebve u \u00ebsht\u00eb prezantuar organizimi i pun\u00ebs n\u00eb programin e Studimit p\u00ebr Edukimin Parashkollor\u00eb t\u00eb Fakultetit Filozofik n\u00eb Nikshiq, me q\u00ebllim q\u00eb t\u00eb stimulohen t\u00eb rinjt\u00eb [&hellip;]<\/p>\n","protected":false},"author":2,"featured_media":417,"comment_status":"open","ping_status":"open","sticky":false,"template":"","format":"standard","meta":{"pagelayer_contact_templates":[],"_pagelayer_content":"","footnotes":""},"categories":[13],"tags":[46,43,45],"class_list":["post-362","post","type-post","status-publish","format-standard","has-post-thumbnail","hentry","category-aktivitete-te-ndryshme","tag-cerdhja-solidarnost","tag-gjimnazi-ulqin","tag-vizite-ne-shkollen-tone"],"_links":{"self":[{"href":"https:\/\/highschool-ul.me\/alb\/wp-json\/wp\/v2\/posts\/362","targetHints":{"allow":["GET"]}}],"collection":[{"href":"https:\/\/highschool-ul.me\/alb\/wp-json\/wp\/v2\/posts"}],"about":[{"href":"https:\/\/highschool-ul.me\/alb\/wp-json\/wp\/v2\/types\/post"}],"author":[{"embeddable":true,"href":"https:\/\/highschool-ul.me\/alb\/wp-json\/wp\/v2\/users\/2"}],"replies":[{"embeddable":true,"href":"https:\/\/highschool-ul.me\/alb\/wp-json\/wp\/v2\/comments?post=362"}],"version-history":[{"count":1,"href":"https:\/\/highschool-ul.me\/alb\/wp-json\/wp\/v2\/posts\/362\/revisions"}],"predecessor-version":[{"id":420,"href":"https:\/\/highschool-ul.me\/alb\/wp-json\/wp\/v2\/posts\/362\/revisions\/420"}],"wp:featuredmedia":[{"embeddable":true,"href":"https:\/\/highschool-ul.me\/alb\/wp-json\/wp\/v2\/media\/417"}],"wp:attachment":[{"href":"https:\/\/highschool-ul.me\/alb\/wp-json\/wp\/v2\/media?parent=362"}],"wp:term":[{"taxonomy":"category","embeddable":true,"href":"https:\/\/highschool-ul.me\/alb\/wp-json\/wp\/v2\/categories?post=362"},{"taxonomy":"post_tag","embeddable":true,"href":"https:\/\/highschool-ul.me\/alb\/wp-json\/wp\/v2\/tags?post=362"}],"curies":[{"name":"wp","href":"https:\/\/api.w.org\/{rel}","templated":true}]}}