{"id":347,"date":"2021-04-28T13:52:00","date_gmt":"2021-04-28T13:52:00","guid":{"rendered":"https:\/\/highschool-ul.me\/alb\/?p=347"},"modified":"2021-05-06T14:02:18","modified_gmt":"2021-05-06T14:02:18","slug":"nxenesit-tane-japin-mesazhe-pranimi-dhe-ndergjegjsimi","status":"publish","type":"post","link":"https:\/\/highschool-ul.me\/alb\/nxenesit-tane-japin-mesazhe-pranimi-dhe-ndergjegjsimi\/","title":{"rendered":"NX\u00cbN\u00cbSIT TAN\u00cb JAPIN MESAZHE PRANIMI DHE NDERGJEGJSIMI"},"content":{"rendered":"\n<p>NX\u00cbN\u00cbSIT TAN\u00cb JAPIN MESAZHE PRANIMI DHE NDERGJEGJSIMI<\/p>\n\n\n\n<p>Gjat\u00eb muajit prill n\u00eb shkoll\u00ebn ton\u00eb u organizuan aktivitete t\u00eb ndryshme me nx\u00ebn\u00ebsit p\u00ebr nd\u00ebrgjegjsimin dhe pranimin e individ\u00ebve me autiz\u00ebm. Gjat\u00eb k\u00ebsaj kohe u organizuan takime dhe workshope t\u00eb ndryshme ku nx\u00ebn\u00ebsit mor\u00ebn informacione mbi at\u00eb se \u00e7far\u00eb \u00ebsht\u00eb autizmi dhe si mund t&#8217;a kuptojm\u00eb at\u00eb.<\/p>\n\n\n\n<p>Kur shoq\u00ebria fokusohet n\u00eb at\u00eb se \u00e7far\u00eb mundemi dhe jo n\u00eb at\u00eb \u00e7far\u00eb nuk mundemi, ndryshime t\u00eb bukura na presin!<\/p>\n\n\n\n<p>Aktivitetet u realizuan nga nx\u00ebn\u00ebsit: Denis, Haris, Agnesa, Anesa, Arisa, Edita, Hera, Jonida, Kristina, Linda, Ljubo, Mendim, Miranda, Refik, Diandra, Sanja, Mustafa. N\u00ebn mentorimim e psikologes s\u00eb shkoll\u00ebs Blerta Kasneci.<\/p>\n","protected":false},"excerpt":{"rendered":"<p>NX\u00cbN\u00cbSIT TAN\u00cb JAPIN MESAZHE PRANIMI DHE NDERGJEGJSIMI Gjat\u00eb muajit prill n\u00eb shkoll\u00ebn ton\u00eb u organizuan aktivitete t\u00eb ndryshme me nx\u00ebn\u00ebsit p\u00ebr nd\u00ebrgjegjsimin dhe pranimin e individ\u00ebve me autiz\u00ebm. Gjat\u00eb k\u00ebsaj kohe u organizuan takime dhe workshope t\u00eb ndryshme ku nx\u00ebn\u00ebsit mor\u00ebn informacione mbi at\u00eb se \u00e7far\u00eb \u00ebsht\u00eb autizmi dhe si mund t&#8217;a kuptojm\u00eb at\u00eb. Kur [&hellip;]<\/p>\n","protected":false},"author":2,"featured_media":349,"comment_status":"open","ping_status":"open","sticky":false,"template":"","format":"standard","meta":{"pagelayer_contact_templates":[],"_pagelayer_content":"","footnotes":""},"categories":[13],"tags":[35,39],"class_list":["post-347","post","type-post","status-publish","format-standard","has-post-thumbnail","hentry","category-aktivitete-te-ndryshme","tag-individet-me-autizem","tag-projekt-shkolla-ulqin"],"_links":{"self":[{"href":"https:\/\/highschool-ul.me\/alb\/wp-json\/wp\/v2\/posts\/347","targetHints":{"allow":["GET"]}}],"collection":[{"href":"https:\/\/highschool-ul.me\/alb\/wp-json\/wp\/v2\/posts"}],"about":[{"href":"https:\/\/highschool-ul.me\/alb\/wp-json\/wp\/v2\/types\/post"}],"author":[{"embeddable":true,"href":"https:\/\/highschool-ul.me\/alb\/wp-json\/wp\/v2\/users\/2"}],"replies":[{"embeddable":true,"href":"https:\/\/highschool-ul.me\/alb\/wp-json\/wp\/v2\/comments?post=347"}],"version-history":[{"count":1,"href":"https:\/\/highschool-ul.me\/alb\/wp-json\/wp\/v2\/posts\/347\/revisions"}],"predecessor-version":[{"id":358,"href":"https:\/\/highschool-ul.me\/alb\/wp-json\/wp\/v2\/posts\/347\/revisions\/358"}],"wp:featuredmedia":[{"embeddable":true,"href":"https:\/\/highschool-ul.me\/alb\/wp-json\/wp\/v2\/media\/349"}],"wp:attachment":[{"href":"https:\/\/highschool-ul.me\/alb\/wp-json\/wp\/v2\/media?parent=347"}],"wp:term":[{"taxonomy":"category","embeddable":true,"href":"https:\/\/highschool-ul.me\/alb\/wp-json\/wp\/v2\/categories?post=347"},{"taxonomy":"post_tag","embeddable":true,"href":"https:\/\/highschool-ul.me\/alb\/wp-json\/wp\/v2\/tags?post=347"}],"curies":[{"name":"wp","href":"https:\/\/api.w.org\/{rel}","templated":true}]}}