{"id":343,"date":"2021-05-01T13:48:00","date_gmt":"2021-05-01T13:48:00","guid":{"rendered":"https:\/\/highschool-ul.me\/alb\/?p=343"},"modified":"2021-05-06T13:50:52","modified_gmt":"2021-05-06T13:50:52","slug":"vendi-i-dyte-ne-hakatonin-dyditor-te-organizuar-nga-instituti-per-mediume-ne-malin-e-zi","status":"publish","type":"post","link":"https:\/\/highschool-ul.me\/alb\/vendi-i-dyte-ne-hakatonin-dyditor-te-organizuar-nga-instituti-per-mediume-ne-malin-e-zi\/","title":{"rendered":"VENDI I DYT\u00cb NE HAKATONIN DYDITOR TE ORGANIZUAR NGA INSTITUTI PER MEDIUME NE MALIN E ZI"},"content":{"rendered":"\n<p>VENDI I DYT\u00cb NE HAKATONIN DYDITOR TE ORGANIZUAR NGA INSTITUTI PER MEDIUME NE MALIN E ZI<\/p>\n\n\n\n<p>Ekpi pesantar\u00ebsh i shkoll\u00ebs son\u00eb,t\u00eb cilin e p\u00ebrb\u00ebjn\u00eb nx\u00ebn\u00ebsit Sanja Causheviq, Iva Miniq, Diandra Ko\u00e7an dhe Haris Ko\u00e7an zuri vendin e dyt\u00eb ne hakatonin dyditor #YouthForMILSolutions,t\u00eb cilin e ka organizuar Instituti p\u00ebr mediume i Malit te Zi IMMZ. Ata kan\u00eb krijuar emisionin n\u00ebn mentorimin e profesoresh\u00ebs Snezhana Zhivanoviq \u201c Si e form\u00ebsojn\u00eb mediat bot\u00ebkuptimin e te rinj\u00ebve dhe si ndikojn\u00eb ne sjelljen e tyre\u201c. Jan\u00eb shp\u00ebrblyer me or\u00eb dore t\u00eb men\u00e7ur dhe me bashk\u00ebpunim t\u00eb m\u00ebtutjesh\u00ebm.<\/p>\n\n\n\n<p>Shum\u00eb jan\u00eb t\u00eb k\u00ebnaqur me rezultatet e garimit dhe theksojn\u00eb q\u00eb planifikojn\u00eb te realizojn\u00eb iden e tyre:<br>\u201eNe si ekip kemi formuar klubin e par\u00eb Rinor n\u00eb Ulqin. Ai tashm\u00eb \u00ebsht\u00eb nj\u00eb platform\u00eb n\u00ebp\u00ebr t\u00eb cil\u00ebn do t\u00eb plasojm\u00eb zgjidhjen ton\u00eb,gjegj\u00ebsisht emisionin edukativ mbi shkrim-leximin mediatik, t\u00eb cilin poashtu do t&#8217;a plasojm\u00eb edhe n\u00eb kanalin e Youtube-s\u00eb dhe n\u00eb shkoll\u00eb. Menzi po presim t\u00eb fillojm\u00eb me pun\u00eb\u201c \u2013 thot\u00eb Diandra.<\/p>\n","protected":false},"excerpt":{"rendered":"<p>VENDI I DYT\u00cb NE HAKATONIN DYDITOR TE ORGANIZUAR NGA INSTITUTI PER MEDIUME NE MALIN E ZI Ekpi pesantar\u00ebsh i shkoll\u00ebs son\u00eb,t\u00eb cilin e p\u00ebrb\u00ebjn\u00eb nx\u00ebn\u00ebsit Sanja Causheviq, Iva Miniq, Diandra Ko\u00e7an dhe Haris Ko\u00e7an zuri vendin e dyt\u00eb ne hakatonin dyditor #YouthForMILSolutions,t\u00eb cilin e ka organizuar Instituti p\u00ebr mediume i Malit te Zi IMMZ. Ata [&hellip;]<\/p>\n","protected":false},"author":2,"featured_media":344,"comment_status":"open","ping_status":"open","sticky":false,"template":"","format":"standard","meta":{"pagelayer_contact_templates":[],"_pagelayer_content":"","footnotes":""},"categories":[10],"tags":[29,31,30,5],"class_list":["post-343","post","type-post","status-publish","format-standard","has-post-thumbnail","hentry","category-garat-e-njohurive","tag-garat-ne-hakaton","tag-instituti-per-mediume","tag-shkolla-e-mesme","tag-ulqin"],"_links":{"self":[{"href":"https:\/\/highschool-ul.me\/alb\/wp-json\/wp\/v2\/posts\/343","targetHints":{"allow":["GET"]}}],"collection":[{"href":"https:\/\/highschool-ul.me\/alb\/wp-json\/wp\/v2\/posts"}],"about":[{"href":"https:\/\/highschool-ul.me\/alb\/wp-json\/wp\/v2\/types\/post"}],"author":[{"embeddable":true,"href":"https:\/\/highschool-ul.me\/alb\/wp-json\/wp\/v2\/users\/2"}],"replies":[{"embeddable":true,"href":"https:\/\/highschool-ul.me\/alb\/wp-json\/wp\/v2\/comments?post=343"}],"version-history":[{"count":1,"href":"https:\/\/highschool-ul.me\/alb\/wp-json\/wp\/v2\/posts\/343\/revisions"}],"predecessor-version":[{"id":345,"href":"https:\/\/highschool-ul.me\/alb\/wp-json\/wp\/v2\/posts\/343\/revisions\/345"}],"wp:featuredmedia":[{"embeddable":true,"href":"https:\/\/highschool-ul.me\/alb\/wp-json\/wp\/v2\/media\/344"}],"wp:attachment":[{"href":"https:\/\/highschool-ul.me\/alb\/wp-json\/wp\/v2\/media?parent=343"}],"wp:term":[{"taxonomy":"category","embeddable":true,"href":"https:\/\/highschool-ul.me\/alb\/wp-json\/wp\/v2\/categories?post=343"},{"taxonomy":"post_tag","embeddable":true,"href":"https:\/\/highschool-ul.me\/alb\/wp-json\/wp\/v2\/tags?post=343"}],"curies":[{"name":"wp","href":"https:\/\/api.w.org\/{rel}","templated":true}]}}