{"id":284,"date":"2012-03-29T16:19:00","date_gmt":"2012-03-29T16:19:00","guid":{"rendered":"https:\/\/highschool-ul.me\/alb\/?p=284"},"modified":"2021-04-29T16:37:27","modified_gmt":"2021-04-29T16:37:27","slug":"nxenesit-me-te-mire-te-vitit-2012-2","status":"publish","type":"post","link":"https:\/\/highschool-ul.me\/alb\/nxenesit-me-te-mire-te-vitit-2012-2\/","title":{"rendered":"Nx\u00ebn\u00ebsit m\u00eb t\u00eb mir\u00eb t\u00eb vitit 2012"},"content":{"rendered":"\n<p>Dritan Maraj l-5<\/p>\n\n\n\n<p>Armira Maxhuriq&nbsp; ll-7<\/p>\n\n\n\n<p>Amina Kurmemoviq lll-6<\/p>\n\n\n\n<p>Xhenita Lajka lV-3<\/p>\n\n\n\n<p>&nbsp;&nbsp;&nbsp;&nbsp;&nbsp;&nbsp;&nbsp;&nbsp;&nbsp;&nbsp;&nbsp;&nbsp;&nbsp;&nbsp;&nbsp;&nbsp;&nbsp;&nbsp;&nbsp;&nbsp;&nbsp;&nbsp;&nbsp;&nbsp;&nbsp;&nbsp;&nbsp;&nbsp;&nbsp;&nbsp;&nbsp;&nbsp;&nbsp;&nbsp;&nbsp;&nbsp;&nbsp;&nbsp;&nbsp;&nbsp;&nbsp;&nbsp;&nbsp;&nbsp;&nbsp; Nx\u00ebn\u00ebsi m\u00eb aktiv i biblotek\u00ebs: <strong>Aida Beqoviq<\/strong> lll-6<\/p>\n\n\n\n<p>\u00a0\u00a0\u00a0\u00a0\u00a0\u00a0\u00a0\u00a0\u00a0\u00a0\u00a0\u00a0\u00a0\u00a0\u00a0\u00a0\u00a0\u00a0\u00a0\u00a0\u00a0\u00a0\u00a0\u00a0\u00a0\u00a0\u00a0\u00a0\u00a0\u00a0\u00a0\u00a0\u00a0\u00a0\u00a0\u00a0\u00a0\u00a0\u00a0\u00a0\u00a0\u00a0\u00a0\u00a0\u00a0 N\u00ebn\u00ebsi m\u00eb i mir\u00eb i shkoll\u00ebs: <strong>Anja Mi\u00e7etiq<\/strong> lV-1<\/p>\n\n\n\n<p>punuar nga: Fiona Tagani<\/p>\n\n\n\n<p>Aida Salaj<\/p>\n","protected":false},"excerpt":{"rendered":"<p>Dritan Maraj l-5 Armira Maxhuriq&nbsp; ll-7 Amina Kurmemoviq lll-6 Xhenita Lajka lV-3 &nbsp;&nbsp;&nbsp;&nbsp;&nbsp;&nbsp;&nbsp;&nbsp;&nbsp;&nbsp;&nbsp;&nbsp;&nbsp;&nbsp;&nbsp;&nbsp;&nbsp;&nbsp;&nbsp;&nbsp;&nbsp;&nbsp;&nbsp;&nbsp;&nbsp;&nbsp;&nbsp;&nbsp;&nbsp;&nbsp;&nbsp;&nbsp;&nbsp;&nbsp;&nbsp;&nbsp;&nbsp;&nbsp;&nbsp;&nbsp;&nbsp;&nbsp;&nbsp;&nbsp;&nbsp; Nx\u00ebn\u00ebsi m\u00eb aktiv i biblotek\u00ebs: Aida Beqoviq lll-6 \u00a0\u00a0\u00a0\u00a0\u00a0\u00a0\u00a0\u00a0\u00a0\u00a0\u00a0\u00a0\u00a0\u00a0\u00a0\u00a0\u00a0\u00a0\u00a0\u00a0\u00a0\u00a0\u00a0\u00a0\u00a0\u00a0\u00a0\u00a0\u00a0\u00a0\u00a0\u00a0\u00a0\u00a0\u00a0\u00a0\u00a0\u00a0\u00a0\u00a0\u00a0\u00a0\u00a0\u00a0\u00a0 N\u00ebn\u00ebsi m\u00eb i mir\u00eb i shkoll\u00ebs: Anja Mi\u00e7etiq lV-1 punuar nga: Fiona Tagani Aida Salaj<\/p>\n","protected":false},"author":2,"featured_media":0,"comment_status":"open","ping_status":"open","sticky":false,"template":"","format":"standard","meta":{"pagelayer_contact_templates":[],"_pagelayer_content":"","footnotes":""},"categories":[8],"tags":[],"class_list":["post-284","post","type-post","status-publish","format-standard","hentry","category-nxenesit-me-te-mire"],"_links":{"self":[{"href":"https:\/\/highschool-ul.me\/alb\/wp-json\/wp\/v2\/posts\/284","targetHints":{"allow":["GET"]}}],"collection":[{"href":"https:\/\/highschool-ul.me\/alb\/wp-json\/wp\/v2\/posts"}],"about":[{"href":"https:\/\/highschool-ul.me\/alb\/wp-json\/wp\/v2\/types\/post"}],"author":[{"embeddable":true,"href":"https:\/\/highschool-ul.me\/alb\/wp-json\/wp\/v2\/users\/2"}],"replies":[{"embeddable":true,"href":"https:\/\/highschool-ul.me\/alb\/wp-json\/wp\/v2\/comments?post=284"}],"version-history":[{"count":2,"href":"https:\/\/highschool-ul.me\/alb\/wp-json\/wp\/v2\/posts\/284\/revisions"}],"predecessor-version":[{"id":296,"href":"https:\/\/highschool-ul.me\/alb\/wp-json\/wp\/v2\/posts\/284\/revisions\/296"}],"wp:attachment":[{"href":"https:\/\/highschool-ul.me\/alb\/wp-json\/wp\/v2\/media?parent=284"}],"wp:term":[{"taxonomy":"category","embeddable":true,"href":"https:\/\/highschool-ul.me\/alb\/wp-json\/wp\/v2\/categories?post=284"},{"taxonomy":"post_tag","embeddable":true,"href":"https:\/\/highschool-ul.me\/alb\/wp-json\/wp\/v2\/tags?post=284"}],"curies":[{"name":"wp","href":"https:\/\/api.w.org\/{rel}","templated":true}]}}