{"id":204,"date":"2021-03-05T10:02:00","date_gmt":"2021-03-05T10:02:00","guid":{"rendered":"https:\/\/highschool-ul.me\/alb\/?p=204"},"modified":"2021-04-19T12:25:47","modified_gmt":"2021-04-19T12:25:47","slug":"inaugurimi-i-projektit-%f0%9d%97%a5%f0%9d%97%bf%f0%9d%98%82%f0%9d%97%b4e%f0%9d%98%81-%f0%9d%97%b2-%f0%9d%98%87%f0%9d%97%b5%f0%9d%98%83%f0%9d%97%b6%f0%9d%97%b9%f0%9d%97%b9%f0%9d%97%b6%f0%9d%97%ba","status":"publish","type":"post","link":"https:\/\/highschool-ul.me\/alb\/inaugurimi-i-projektit-%f0%9d%97%a5%f0%9d%97%bf%f0%9d%98%82%f0%9d%97%b4e%f0%9d%98%81-%f0%9d%97%b2-%f0%9d%98%87%f0%9d%97%b5%f0%9d%98%83%f0%9d%97%b6%f0%9d%97%b9%f0%9d%97%b9%f0%9d%97%b6%f0%9d%97%ba\/","title":{"rendered":"Inaugurimi i projektit &#8220;\ud835\udde5\ud835\uddff\ud835\ude02\ud835\uddf4\u00eb\ud835\ude01 \ud835\uddf2 \ud835\ude07\ud835\uddf5\ud835\ude03\ud835\uddf6\ud835\uddf9\ud835\uddf9\ud835\uddf6\ud835\uddfa\ud835\uddf6\ud835\ude01 \ud835\ude01\ud835\uddf2\u0308 \ud835\uddf8\ud835\uddee\ud835\uddff\ud835\uddff\ud835\uddf6\ud835\uddf2\ud835\uddff\ud835\uddf2\ud835\ude00&#8221;"},"content":{"rendered":"\n<p>\ud835\udde3\ud835\uddf2\u0308\ud835\uddff\ud835\uddf4\ud835\uddee\ud835\ude01\ud835\uddf6\ud835\ude01\ud835\uddf7\ud835\uddee \ud835\uddf2 \ud835\ude01\ud835\uddf2 \ud835\uddff\ud835\uddf6\ud835\uddfb\ud835\uddf7\ud835\ude03\ud835\uddf2 \ud835\uddfb\ud835\uddf4\ud835\uddee \ud835\udde6\ud835\uddf5\ud835\uddfe\ud835\uddf6\ud835\uddfd\ud835\uddf2\ud835\uddff\ud835\uddf6\ud835\uddee \ud835\uddf1\ud835\uddf5\ud835\uddf2 \ud835\udde0\ud835\uddee\ud835\uddf9\ud835\uddf6 \ud835\uddf6 \ud835\udded\ud835\uddf6 \ud835\uddfd\ud835\uddf2\ud835\uddff \ud835\uddfa\ud835\ude02\ud835\uddfb\ud835\uddf1\ud835\uddf2\ud835\ude00\ud835\uddf6 \ud835\uddf8\ud835\uddee\ud835\uddff\ud835\uddff\ud835\uddf6\ud835\uddf2\ud835\uddff\ud835\uddf2 \ud835\uddfb\ud835\uddf2 \ud835\ude00\ud835\uddf2\ud835\uddf8\ud835\ude01\ud835\uddfc\ud835\uddff\ud835\uddf6\ud835\uddfb \ud835\uddf2 \ud835\ude01\ud835\ude02\ud835\uddff\ud835\uddf6\ud835\ude07\ud835\uddfa\ud835\uddf6\ud835\ude01&#8221;.<br>Ky projekt financohet nga \ud835\uddd5\ud835\uddee\ud835\ude00\ud835\uddf5\ud835\uddf8\ud835\uddf6\ud835\uddfa\ud835\uddf6 \ud835\uddd8\ud835\ude03\ud835\uddff\ud835\uddfc\ud835\uddfd\ud835\uddf6\ud835\uddee\ud835\uddfb n\u00ebp\u00ebrmjet programit nd\u00ebrkufitar IPA II, i cili menaxhohet nga Ministria e Financave dhe Mir\u00ebqenies Sociale (CFCU) e Malit t\u00eb Zi dhe zbatohet nga World Vision in Albania and Kosovo n\u00eb partneritet me \ud835\udde2\ud835\udddd\ud835\udde4 \ud835\udddb\ud835\uddfc\ud835\uddff\ud835\uddf6\ud835\ude07\ud835\uddfc\ud835\uddfb\ud835\ude01\ud835\uddf6 \ud835\uddf6 \ud835\udde5\ud835\uddf6<br>, si dhe shkollat e mesme &#8220;V\u00ebllaz\u00ebrim Bashkim&#8221; nga Ulqini dhe Shkolla e mesme profesionale &#8220;Hamdi Bushati&#8221; nga Shkodra.<br>Projekti synon t&#8217;i pajis\u00eb t\u00eb rinjt\u00eb nga Ulqini dhe Shkodra me aft\u00ebsi t\u00eb reja, t&#8217;i p\u00ebrgatis\u00eb ata p\u00ebr tregun e pun\u00ebs dhe t\u00eb ndikoj\u00eb n\u00eb rritjen ekonomike dhe uljen e problemeve sociale n\u00eb komunitetet e tyre.<\/p>\n\n\n\n<p>Inauguracija projekta \u201e\ud835\udde3\ud835\ude02\ud835\ude01\ud835\uddf2\ud835\ude03\ud835\uddf6 \ud835\uddff\ud835\uddee\ud835\ude07\ud835\ude03\ud835\uddfc\ud835\uddf7\ud835\uddee \ud835\uddf8\ud835\uddee\ud835\uddff\ud835\uddf6\ud835\uddf7\ud835\uddf2\ud835\uddff\ud835\uddf2: \ud835\udde3\ud835\uddff\ud835\uddf6\ud835\uddfd\ud835\uddff\ud835\uddf2\ud835\uddfa\ud835\uddee \ud835\uddfa\ud835\uddf9\ud835\uddee\ud835\uddf1\ud835\uddf6\ud835\uddf5 \ud835\uddf6\ud835\ude07 \ud835\uddd4\ud835\uddf9\ud835\uddef\ud835\uddee\ud835\uddfb\ud835\uddf6\ud835\uddf7\ud835\uddf2 \ud835\uddf6 \ud835\uddd6\ud835\uddff\ud835\uddfb\ud835\uddf2 \ud835\uddda\ud835\uddfc\ud835\uddff\ud835\uddf2 \ud835\ude07\ud835\uddee \ud835\uddfa\ud835\uddfc\ud835\uddf4\ud835\ude02\ud835\uddf0\u0301\ud835\uddfb\ud835\uddfc\ud835\ude00\ud835\ude01\ud835\uddf6 \ud835\uddff\ud835\uddee\ud835\ude07\ud835\ude03\ud835\uddfc\ud835\uddf7\ud835\uddee \ud835\uddf8\ud835\uddee\ud835\uddff\ud835\uddf6\ud835\uddf7\ud835\uddf2\ud835\uddff\ud835\uddf2 \ud835\ude02 \ud835\ude00\ud835\uddf2\ud835\uddf8\ud835\ude01\ud835\uddfc\ud835\uddff\ud835\ude02 \ud835\ude01\ud835\ude02\ud835\uddff\ud835\uddf6\ud835\ude07\ud835\uddfa\ud835\uddee\u201c.<br>Ovaj projekat finansira Evropska unija u Crnoj Gori u okviru IPA Cross-border Cooperation Programme Montenegro &#8211; Albania 2014-2020 kojim upravlja \ud835\udde0\ud835\uddf6\ud835\uddfb\ud835\uddf6\ud835\ude00\ud835\ude01\ud835\uddee\ud835\uddff\ud835\ude00\ud835\ude01\ud835\ude03\ud835\uddfc \ud835\uddf3\ud835\uddf6\ud835\uddfb\ud835\uddee\ud835\uddfb\ud835\ude00\ud835\uddf6\ud835\uddf7\ud835\uddee \ud835\uddf6 \ud835\ude00\ud835\uddfc\ud835\uddf0\ud835\uddf6\ud835\uddf7\ud835\uddee\ud835\uddf9\ud835\uddfb\ud835\uddfc\ud835\uddf4 \ud835\ude00\ud835\ude01\ud835\uddee\ud835\uddff\ud835\uddee\ud835\uddfb\ud835\uddf7\ud835\uddee \ud835\uddd6\ud835\uddff\ud835\uddfb\ud835\uddf2 \ud835\uddda\ud835\uddfc\ud835\uddff\ud835\uddf2 (\ud835\uddd6\ud835\uddd9\ud835\uddd6\ud835\udde8).<br>Projekat sprovodi organizacija World Vision in Albania and Kosovo u partnerstvu sa NVO New Horizont , kao i JUSM\u0160 &#8220;Bratstvo Jedinstvo &#8221; Ulcinj i srednja prefesionalna \u0161kola \u201cHamdi Bushati\u201d iz Skadra.<br>Cilj projekta je da mladima iz Ulcinja i Skadra omogu\u0107i razvijanje novih vje\u0161tina, pripremi ih za tr\u017ei\u0161te rada, uticati na ekonomski rast, te smanjiti socijalne probleme u njihovim zajednicama.<\/p>\n","protected":false},"excerpt":{"rendered":"<p>\ud835\udde3\ud835\uddf2\u0308\ud835\uddff\ud835\uddf4\ud835\uddee\ud835\ude01\ud835\uddf6\ud835\ude01\ud835\uddf7\ud835\uddee \ud835\uddf2 \ud835\ude01\ud835\uddf2 \ud835\uddff\ud835\uddf6\ud835\uddfb\ud835\uddf7\ud835\ude03\ud835\uddf2 \ud835\uddfb\ud835\uddf4\ud835\uddee \ud835\udde6\ud835\uddf5\ud835\uddfe\ud835\uddf6\ud835\uddfd\ud835\uddf2\ud835\uddff\ud835\uddf6\ud835\uddee \ud835\uddf1\ud835\uddf5\ud835\uddf2 \ud835\udde0\ud835\uddee\ud835\uddf9\ud835\uddf6 \ud835\uddf6 \ud835\udded\ud835\uddf6 \ud835\uddfd\ud835\uddf2\ud835\uddff \ud835\uddfa\ud835\ude02\ud835\uddfb\ud835\uddf1\ud835\uddf2\ud835\ude00\ud835\uddf6 \ud835\uddf8\ud835\uddee\ud835\uddff\ud835\uddff\ud835\uddf6\ud835\uddf2\ud835\uddff\ud835\uddf2 \ud835\uddfb\ud835\uddf2 \ud835\ude00\ud835\uddf2\ud835\uddf8\ud835\ude01\ud835\uddfc\ud835\uddff\ud835\uddf6\ud835\uddfb \ud835\uddf2 \ud835\ude01\ud835\ude02\ud835\uddff\ud835\uddf6\ud835\ude07\ud835\uddfa\ud835\uddf6\ud835\ude01&#8221;.Ky projekt financohet nga \ud835\uddd5\ud835\uddee\ud835\ude00\ud835\uddf5\ud835\uddf8\ud835\uddf6\ud835\uddfa\ud835\uddf6 \ud835\uddd8\ud835\ude03\ud835\uddff\ud835\uddfc\ud835\uddfd\ud835\uddf6\ud835\uddee\ud835\uddfb n\u00ebp\u00ebrmjet programit nd\u00ebrkufitar IPA II, i cili menaxhohet nga Ministria e Financave dhe Mir\u00ebqenies Sociale (CFCU) e Malit t\u00eb Zi dhe zbatohet nga World Vision in Albania and Kosovo n\u00eb partneritet me \ud835\udde2\ud835\udddd\ud835\udde4 [&hellip;]<\/p>\n","protected":false},"author":2,"featured_media":208,"comment_status":"open","ping_status":"open","sticky":false,"template":"","format":"standard","meta":{"pagelayer_contact_templates":[],"_pagelayer_content":"","footnotes":""},"categories":[13],"tags":[],"class_list":["post-204","post","type-post","status-publish","format-standard","has-post-thumbnail","hentry","category-aktivitete-te-ndryshme"],"_links":{"self":[{"href":"https:\/\/highschool-ul.me\/alb\/wp-json\/wp\/v2\/posts\/204","targetHints":{"allow":["GET"]}}],"collection":[{"href":"https:\/\/highschool-ul.me\/alb\/wp-json\/wp\/v2\/posts"}],"about":[{"href":"https:\/\/highschool-ul.me\/alb\/wp-json\/wp\/v2\/types\/post"}],"author":[{"embeddable":true,"href":"https:\/\/highschool-ul.me\/alb\/wp-json\/wp\/v2\/users\/2"}],"replies":[{"embeddable":true,"href":"https:\/\/highschool-ul.me\/alb\/wp-json\/wp\/v2\/comments?post=204"}],"version-history":[{"count":2,"href":"https:\/\/highschool-ul.me\/alb\/wp-json\/wp\/v2\/posts\/204\/revisions"}],"predecessor-version":[{"id":218,"href":"https:\/\/highschool-ul.me\/alb\/wp-json\/wp\/v2\/posts\/204\/revisions\/218"}],"wp:featuredmedia":[{"embeddable":true,"href":"https:\/\/highschool-ul.me\/alb\/wp-json\/wp\/v2\/media\/208"}],"wp:attachment":[{"href":"https:\/\/highschool-ul.me\/alb\/wp-json\/wp\/v2\/media?parent=204"}],"wp:term":[{"taxonomy":"category","embeddable":true,"href":"https:\/\/highschool-ul.me\/alb\/wp-json\/wp\/v2\/categories?post=204"},{"taxonomy":"post_tag","embeddable":true,"href":"https:\/\/highschool-ul.me\/alb\/wp-json\/wp\/v2\/tags?post=204"}],"curies":[{"name":"wp","href":"https:\/\/api.w.org\/{rel}","templated":true}]}}