{"id":185,"date":"2021-04-14T11:29:00","date_gmt":"2021-04-14T11:29:00","guid":{"rendered":"https:\/\/highschool-ul.me\/alb\/?p=185"},"modified":"2021-04-19T11:46:10","modified_gmt":"2021-04-19T11:46:10","slug":"ekoreporteret-e-rinj-te-shkolles-tone","status":"publish","type":"post","link":"https:\/\/highschool-ul.me\/alb\/ekoreporteret-e-rinj-te-shkolles-tone\/","title":{"rendered":"Ekoreporter\u00ebt e rinj te shkolles tone"},"content":{"rendered":"\n<p><\/p>\n\n\n\n<p><\/p>\n\n\n\n<p>Drejt\u00eb finales!<\/p>\n\n\n\n<p>Nx\u00ebn\u00ebsit ton\u00eb z\u00eb i fuqish\u00ebm p\u00ebr problemet ekologjike n\u00eb qytetin ton\u00eb .<\/p>\n\n\n\n<p>N\u00eb konkursin \u201eEkoreporter\u00ebt e rinj n\u00eb Mal t\u00eb Zi\u201c e organizuar nga NVO Ekom mor\u00ebn pjes\u00eb dy grupe nx\u00ebn\u00ebsish nga shkolla jon\u00eb . N\u00eb grupin e par\u00eb kan\u00eb marr\u00eb pjes\u00eb nx\u00ebn\u00ebsit Haris Ko\u00e7an, Edita Kova\u00e7eviq dhe Diandra Ko\u00e7an, nd\u00ebrsa n\u00eb grupin e dyt\u00eb kan\u00eb marr\u00eb pjes\u00eb nx\u00ebn\u00ebset Sanja \u00c7ausheviq, Kristina Nrekiq dhe Klaudija Llukiq, n\u00ebn mentorimin e prof. Haxhere Gjenashi.<\/p>\n\n\n\n<p>T\u00eb dy grupet kan\u00eb marr\u00eb pjes\u00eb n\u00eb kategorin\u00eb e krijimit t\u00eb nj\u00eb filmi treminut\u00ebsh i cili kishte p\u00ebr q\u00ebllim t\u00eb trajtonte nj\u00eb problem t\u00eb caktuar ekologjik n\u00eb qytetin e Ulqinit dhe t\u00eb rriste nd\u00ebrgjegjen e qytetar\u00ebve.<br>Nj\u00ebri film ka trajtuar problematik\u00ebn e kanalit Port Milena nd\u00ebrsa tjetri problemin e hedhjes s\u00eb plehrave.<br>T\u00eb dy film\u00ebt jan\u00eb kualifikuar n\u00eb faz\u00ebn finale, ku n\u00eb total nga 24 punime jan\u00eb p\u00ebrzgjedhur 10.<br>P\u00ebrzgjedhja e filmit fitues do t\u00eb b\u00ebhet m\u00eb dat\u00ebn 22 Prill, n\u00eb Dit\u00ebn e planetit Tok\u00eb.<\/p>\n\n\n\n<p>Jemi krenar\u00eb p\u00ebr pun\u00ebn e tyre dhe optimist\u00eb q\u00eb nx\u00ebn\u00ebsit tan\u00eb do t\u00eb korrin sukses!!!<\/p>\n\n\n\n<figure class=\"wp-block-embed is-type-video is-provider-youtube wp-block-embed-youtube wp-embed-aspect-16-9 wp-has-aspect-ratio\"><div class=\"wp-block-embed__wrapper\">\n<iframe title=\"Zaboravljena knjeginja Jadrana\" width=\"500\" height=\"281\" src=\"https:\/\/www.youtube.com\/embed\/_N5MICUcjmY?feature=oembed\" frameborder=\"0\" allow=\"accelerometer; autoplay; clipboard-write; encrypted-media; gyroscope; picture-in-picture; web-share\" referrerpolicy=\"strict-origin-when-cross-origin\" allowfullscreen><\/iframe>\n<\/div><\/figure>\n\n\n\n<figure class=\"wp-block-embed is-type-video is-provider-youtube wp-block-embed-youtube wp-embed-aspect-16-9 wp-has-aspect-ratio\"><div class=\"wp-block-embed__wrapper\">\n<iframe title=\"Ka rje\u0161enju, a ne zaga\u0111enju!\" width=\"500\" height=\"281\" src=\"https:\/\/www.youtube.com\/embed\/TWPkWqacscc?feature=oembed\" frameborder=\"0\" allow=\"accelerometer; autoplay; clipboard-write; encrypted-media; gyroscope; picture-in-picture; web-share\" referrerpolicy=\"strict-origin-when-cross-origin\" allowfullscreen><\/iframe>\n<\/div><\/figure>\n","protected":false},"excerpt":{"rendered":"<p>Drejt\u00eb finales! Nx\u00ebn\u00ebsit ton\u00eb z\u00eb i fuqish\u00ebm p\u00ebr problemet ekologjike n\u00eb qytetin ton\u00eb . N\u00eb konkursin \u201eEkoreporter\u00ebt e rinj n\u00eb Mal t\u00eb Zi\u201c e organizuar nga NVO Ekom mor\u00ebn pjes\u00eb dy grupe nx\u00ebn\u00ebsish nga shkolla jon\u00eb . N\u00eb grupin e par\u00eb kan\u00eb marr\u00eb pjes\u00eb nx\u00ebn\u00ebsit Haris Ko\u00e7an, Edita Kova\u00e7eviq dhe Diandra Ko\u00e7an, nd\u00ebrsa n\u00eb grupin [&hellip;]<\/p>\n","protected":false},"author":2,"featured_media":187,"comment_status":"open","ping_status":"open","sticky":false,"template":"","format":"standard","meta":{"pagelayer_contact_templates":[],"_pagelayer_content":"","footnotes":""},"categories":[13],"tags":[],"class_list":["post-185","post","type-post","status-publish","format-standard","has-post-thumbnail","hentry","category-aktivitete-te-ndryshme"],"_links":{"self":[{"href":"https:\/\/highschool-ul.me\/alb\/wp-json\/wp\/v2\/posts\/185","targetHints":{"allow":["GET"]}}],"collection":[{"href":"https:\/\/highschool-ul.me\/alb\/wp-json\/wp\/v2\/posts"}],"about":[{"href":"https:\/\/highschool-ul.me\/alb\/wp-json\/wp\/v2\/types\/post"}],"author":[{"embeddable":true,"href":"https:\/\/highschool-ul.me\/alb\/wp-json\/wp\/v2\/users\/2"}],"replies":[{"embeddable":true,"href":"https:\/\/highschool-ul.me\/alb\/wp-json\/wp\/v2\/comments?post=185"}],"version-history":[{"count":4,"href":"https:\/\/highschool-ul.me\/alb\/wp-json\/wp\/v2\/posts\/185\/revisions"}],"predecessor-version":[{"id":202,"href":"https:\/\/highschool-ul.me\/alb\/wp-json\/wp\/v2\/posts\/185\/revisions\/202"}],"wp:featuredmedia":[{"embeddable":true,"href":"https:\/\/highschool-ul.me\/alb\/wp-json\/wp\/v2\/media\/187"}],"wp:attachment":[{"href":"https:\/\/highschool-ul.me\/alb\/wp-json\/wp\/v2\/media?parent=185"}],"wp:term":[{"taxonomy":"category","embeddable":true,"href":"https:\/\/highschool-ul.me\/alb\/wp-json\/wp\/v2\/categories?post=185"},{"taxonomy":"post_tag","embeddable":true,"href":"https:\/\/highschool-ul.me\/alb\/wp-json\/wp\/v2\/tags?post=185"}],"curies":[{"name":"wp","href":"https:\/\/api.w.org\/{rel}","templated":true}]}}