{"id":182,"date":"2021-04-18T11:29:00","date_gmt":"2021-04-18T11:29:00","guid":{"rendered":"https:\/\/highschool-ul.me\/alb\/?p=182"},"modified":"2021-04-19T11:37:21","modified_gmt":"2021-04-19T11:37:21","slug":"nxenesit-tane-shkelqyen-ne-qendren-per-kulture","status":"publish","type":"post","link":"https:\/\/highschool-ul.me\/alb\/nxenesit-tane-shkelqyen-ne-qendren-per-kulture\/","title":{"rendered":"NX\u00cbN\u00cbSIT TAN\u00cb SHK\u00cbLQYEN N\u00cb QENDR\u00cbN P\u00cbR KULTUR\u00cb !"},"content":{"rendered":"\n<p>Nx\u00ebn\u00ebsit tan\u00eb interpretuan shk\u00eblqyesh\u00ebm poezit\u00eb e autor\u00ebve vendas n\u00eb nj\u00eb mbr\u00ebmje t\u00eb organizuar nga Qendra p\u00ebr Kultur\u00eb Ulqin. N\u00eb k\u00ebt\u00eb mbr\u00ebmje poezie e shoq\u00ebruar me muzik\u00eb,e dedikuar autor\u00ebve vendas, p\u00ebrformuan k\u00ebta nx\u00ebn\u00ebs:<\/p>\n\n\n\n<p>Diandra Ko\u00e7an<br>Arber Seferi<br>Edita Kova\u00e7eviq<br>Anesa Veliq<br>Sanja \u00c7ausheviq<br>Endrit Seferi<br>Iva Miniq<br>Kujtesa Kurti<br>Irena Selc\u0327anin<br>Angjela Nilloviq<br>Amra Demiri<\/p>\n\n\n\n<p>Ju lumt\u00eb!<\/p>\n","protected":false},"excerpt":{"rendered":"<p>Nx\u00ebn\u00ebsit tan\u00eb interpretuan shk\u00eblqyesh\u00ebm poezit\u00eb e autor\u00ebve vendas n\u00eb nj\u00eb mbr\u00ebmje t\u00eb organizuar nga Qendra p\u00ebr Kultur\u00eb Ulqin. N\u00eb k\u00ebt\u00eb mbr\u00ebmje poezie e shoq\u00ebruar me muzik\u00eb,e dedikuar autor\u00ebve vendas, p\u00ebrformuan k\u00ebta nx\u00ebn\u00ebs: Diandra Ko\u00e7anArber SeferiEdita Kova\u00e7eviqAnesa VeliqSanja \u00c7ausheviqEndrit SeferiIva MiniqKujtesa KurtiIrena Selc\u0327aninAngjela NilloviqAmra Demiri Ju lumt\u00eb!<\/p>\n","protected":false},"author":2,"featured_media":188,"comment_status":"open","ping_status":"open","sticky":false,"template":"","format":"standard","meta":{"pagelayer_contact_templates":[],"_pagelayer_content":"","footnotes":""},"categories":[13],"tags":[],"class_list":["post-182","post","type-post","status-publish","format-standard","has-post-thumbnail","hentry","category-aktivitete-te-ndryshme"],"_links":{"self":[{"href":"https:\/\/highschool-ul.me\/alb\/wp-json\/wp\/v2\/posts\/182","targetHints":{"allow":["GET"]}}],"collection":[{"href":"https:\/\/highschool-ul.me\/alb\/wp-json\/wp\/v2\/posts"}],"about":[{"href":"https:\/\/highschool-ul.me\/alb\/wp-json\/wp\/v2\/types\/post"}],"author":[{"embeddable":true,"href":"https:\/\/highschool-ul.me\/alb\/wp-json\/wp\/v2\/users\/2"}],"replies":[{"embeddable":true,"href":"https:\/\/highschool-ul.me\/alb\/wp-json\/wp\/v2\/comments?post=182"}],"version-history":[{"count":1,"href":"https:\/\/highschool-ul.me\/alb\/wp-json\/wp\/v2\/posts\/182\/revisions"}],"predecessor-version":[{"id":190,"href":"https:\/\/highschool-ul.me\/alb\/wp-json\/wp\/v2\/posts\/182\/revisions\/190"}],"wp:featuredmedia":[{"embeddable":true,"href":"https:\/\/highschool-ul.me\/alb\/wp-json\/wp\/v2\/media\/188"}],"wp:attachment":[{"href":"https:\/\/highschool-ul.me\/alb\/wp-json\/wp\/v2\/media?parent=182"}],"wp:term":[{"taxonomy":"category","embeddable":true,"href":"https:\/\/highschool-ul.me\/alb\/wp-json\/wp\/v2\/categories?post=182"},{"taxonomy":"post_tag","embeddable":true,"href":"https:\/\/highschool-ul.me\/alb\/wp-json\/wp\/v2\/tags?post=182"}],"curies":[{"name":"wp","href":"https:\/\/api.w.org\/{rel}","templated":true}]}}